{"id":142634,"date":"2026-01-18T12:22:53","date_gmt":"2026-01-18T15:22:53","guid":{"rendered":"https:\/\/revistaesperanzas.com\/web\/?p=142634"},"modified":"2026-01-18T12:22:53","modified_gmt":"2026-01-18T15:22:53","slug":"exitoso-trabajo-en-conjunto","status":"publish","type":"post","link":"https:\/\/revistaesperanzas.com\/web\/2026\/01\/exitoso-trabajo-en-conjunto\/","title":{"rendered":"EXITOSO TRABAJO EN CONJUNTO."},"content":{"rendered":"<p>La Polic\u00eda en conjunto con personal de Tr\u00e1nsito Municipal secuestr\u00f3 28 motocicletas por ocasionar disturbios en la v\u00eda p\u00fablica.<\/p>\n<p>En la madrugada de hoy 18-01-26, personal policial de distintos grupos -Comando, GRIM I,<a href=\"https:\/\/revistaesperanzas.com\/web\/2026\/01\/exitoso-trabajo-en-conjunto\/whatsapp-image-2026-01-18-at-11-46-05\/\" rel=\"attachment wp-att-142636\"><img loading=\"lazy\" decoding=\"async\" class=\" wp-image-142636 alignleft\" src=\"https:\/\/revistaesperanzas.com\/web\/wp-content\/uploads\/2026\/01\/WhatsApp-Image-2026-01-18-at-11.46.05.jpeg\" alt=\"\" width=\"550\" height=\"550\" srcset=\"https:\/\/revistaesperanzas.com\/web\/wp-content\/uploads\/2026\/01\/WhatsApp-Image-2026-01-18-at-11.46.05.jpeg 576w, https:\/\/revistaesperanzas.com\/web\/wp-content\/uploads\/2026\/01\/WhatsApp-Image-2026-01-18-at-11.46.05-420x420.jpeg 420w\" sizes=\"auto, (max-width: 550px) 100vw, 550px\" \/><\/a> II, IV- y comisaria de la Comisaria Decimo Octava fueron alertados por el Sistema Integral de Seguridad 911, que en la Plaza Mercosur ubicada en la Rotonda Poncho Verde se hallaban gran cantidad de motocicletas cuyos ocupantes realizaban desorden en la v\u00eda publica y circulaban a alta velocidad, poniendo en riesgo sus vidas y la de terceros.<\/p>\n<p>Es por ello, que de forma inmediata los mencionados efectivos se dirigieron hasta el lugar y en forma conjunta con personal de la Direcci\u00f3n de Tr\u00e1nsito Municipal procedieron al secuestro preventivo de un total de 28 motocicletas.<\/p>\n<p>Los rodados secuestrados fueron trasladados hasta la Direcci\u00f3n General de Tr\u00e1nsito Municipal<\/p>\n","protected":false},"excerpt":{"rendered":"<p>La Polic\u00eda en conjunto con personal de Tr\u00e1nsito Municipal secuestr\u00f3 28 motocicletas por ocasionar disturbios en la v\u00eda p\u00fablica. En la madrugada de hoy 18-01-26, personal policial de distintos grupos -Comando, GRIM I, II, IV- y comisaria de la Comisaria Decimo Octava fueron alertados por el Sistema Integral de Seguridad 911, que en la Plaza [&hellip;]<\/p>\n","protected":false},"author":4,"featured_media":142635,"comment_status":"closed","ping_status":"closed","sticky":false,"template":"","format":"standard","meta":{"footnotes":""},"categories":[58],"tags":[],"class_list":{"0":"post-142634","1":"post","2":"type-post","3":"status-publish","4":"format-standard","5":"has-post-thumbnail","7":"category-corrientes"},"_links":{"self":[{"href":"https:\/\/revistaesperanzas.com\/web\/wp-json\/wp\/v2\/posts\/142634","targetHints":{"allow":["GET"]}}],"collection":[{"href":"https:\/\/revistaesperanzas.com\/web\/wp-json\/wp\/v2\/posts"}],"about":[{"href":"https:\/\/revistaesperanzas.com\/web\/wp-json\/wp\/v2\/types\/post"}],"author":[{"embeddable":true,"href":"https:\/\/revistaesperanzas.com\/web\/wp-json\/wp\/v2\/users\/4"}],"replies":[{"embeddable":true,"href":"https:\/\/revistaesperanzas.com\/web\/wp-json\/wp\/v2\/comments?post=142634"}],"version-history":[{"count":2,"href":"https:\/\/revistaesperanzas.com\/web\/wp-json\/wp\/v2\/posts\/142634\/revisions"}],"predecessor-version":[{"id":142638,"href":"https:\/\/revistaesperanzas.com\/web\/wp-json\/wp\/v2\/posts\/142634\/revisions\/142638"}],"wp:featuredmedia":[{"embeddable":true,"href":"https:\/\/revistaesperanzas.com\/web\/wp-json\/wp\/v2\/media\/142635"}],"wp:attachment":[{"href":"https:\/\/revistaesperanzas.com\/web\/wp-json\/wp\/v2\/media?parent=142634"}],"wp:term":[{"taxonomy":"category","embeddable":true,"href":"https:\/\/revistaesperanzas.com\/web\/wp-json\/wp\/v2\/categories?post=142634"},{"taxonomy":"post_tag","embeddable":true,"href":"https:\/\/revistaesperanzas.com\/web\/wp-json\/wp\/v2\/tags?post=142634"}],"curies":[{"name":"wp","href":"https:\/\/api.w.org\/{rel}","templated":true}]}}