{"id":142655,"date":"2026-01-19T10:44:24","date_gmt":"2026-01-19T13:44:24","guid":{"rendered":"https:\/\/revistaesperanzas.com\/web\/?p=142655"},"modified":"2026-01-19T10:44:24","modified_gmt":"2026-01-19T13:44:24","slug":"goya-un-joven-muere-a-la-entrada-de-nuestra-ciudad","status":"publish","type":"post","link":"https:\/\/revistaesperanzas.com\/web\/2026\/01\/goya-un-joven-muere-a-la-entrada-de-nuestra-ciudad\/","title":{"rendered":"GOYA: UN JOVEN MUERE A LA ENTRADA DE NUESTRA CIUDAD"},"content":{"rendered":"<p>Consecuencia fatal en siniestro vial (Informaci\u00f3n inicial)<\/p>\n<p>En la madrugada de hoy 19-01-26, efectivos policiales dependientes de la Comisaria de Distrito Cuarta de Goya tomaron conocimiento que por Ruta Nacional N\u00b012 y calle Piragin, se habr\u00eda registrado un siniestro vial, donde por causas y circunstancias que se tratan de establecer, el conductor de un autom\u00f3vil habr\u00eda perdido el control del mismo, lo que produjo su despiste por saliendo despedido e impactado contra un muro perimetral.<\/p>\n<p>Seg\u00fan la informaci\u00f3n inicial obtenida, el hecho se habr\u00eda registrado pasadas las 03:00 horas y tuvo como protagonista a un autom\u00f3vil -marca Volkswagen, modelo Bora- conducido por un joven de apellido Gonzales -26 a\u00f1os de edad-, quien a ra\u00edz del siniestro habr\u00eda fallecido en el lugar tras salir despedido del rodado e impactar contra un muro perimetral.<\/p>\n<p>Al respecto, en el lugar se realizaron las diligencias correspondientes y en la citada dependencia se continuaron con los tramites de rigor con intervenci\u00f3n de la Unidad Fiscal en turno.<\/p>\n","protected":false},"excerpt":{"rendered":"<p>Consecuencia fatal en siniestro vial (Informaci\u00f3n inicial) En la madrugada de hoy 19-01-26, efectivos policiales dependientes de la Comisaria de Distrito Cuarta de Goya tomaron conocimiento que por Ruta Nacional N\u00b012 y calle Piragin, se habr\u00eda registrado un siniestro vial, donde por causas y circunstancias que se tratan de establecer, el conductor de un autom\u00f3vil [&hellip;]<\/p>\n","protected":false},"author":4,"featured_media":142656,"comment_status":"closed","ping_status":"closed","sticky":false,"template":"","format":"standard","meta":{"footnotes":""},"categories":[45],"tags":[],"class_list":{"0":"post-142655","1":"post","2":"type-post","3":"status-publish","4":"format-standard","5":"has-post-thumbnail","7":"category-locales"},"_links":{"self":[{"href":"https:\/\/revistaesperanzas.com\/web\/wp-json\/wp\/v2\/posts\/142655","targetHints":{"allow":["GET"]}}],"collection":[{"href":"https:\/\/revistaesperanzas.com\/web\/wp-json\/wp\/v2\/posts"}],"about":[{"href":"https:\/\/revistaesperanzas.com\/web\/wp-json\/wp\/v2\/types\/post"}],"author":[{"embeddable":true,"href":"https:\/\/revistaesperanzas.com\/web\/wp-json\/wp\/v2\/users\/4"}],"replies":[{"embeddable":true,"href":"https:\/\/revistaesperanzas.com\/web\/wp-json\/wp\/v2\/comments?post=142655"}],"version-history":[{"count":1,"href":"https:\/\/revistaesperanzas.com\/web\/wp-json\/wp\/v2\/posts\/142655\/revisions"}],"predecessor-version":[{"id":142657,"href":"https:\/\/revistaesperanzas.com\/web\/wp-json\/wp\/v2\/posts\/142655\/revisions\/142657"}],"wp:featuredmedia":[{"embeddable":true,"href":"https:\/\/revistaesperanzas.com\/web\/wp-json\/wp\/v2\/media\/142656"}],"wp:attachment":[{"href":"https:\/\/revistaesperanzas.com\/web\/wp-json\/wp\/v2\/media?parent=142655"}],"wp:term":[{"taxonomy":"category","embeddable":true,"href":"https:\/\/revistaesperanzas.com\/web\/wp-json\/wp\/v2\/categories?post=142655"},{"taxonomy":"post_tag","embeddable":true,"href":"https:\/\/revistaesperanzas.com\/web\/wp-json\/wp\/v2\/tags?post=142655"}],"curies":[{"name":"wp","href":"https:\/\/api.w.org\/{rel}","templated":true}]}}