{"id":142658,"date":"2026-01-19T10:49:36","date_gmt":"2026-01-19T13:49:36","guid":{"rendered":"https:\/\/revistaesperanzas.com\/web\/?p=142658"},"modified":"2026-01-19T10:49:36","modified_gmt":"2026-01-19T13:49:36","slug":"mocoreta-siniestro-vial-con-consecuencia-fatal","status":"publish","type":"post","link":"https:\/\/revistaesperanzas.com\/web\/2026\/01\/mocoreta-siniestro-vial-con-consecuencia-fatal\/","title":{"rendered":"MOCORET\u00c1: SINIESTRO VIAL CON CONSECUENCIA FATAL"},"content":{"rendered":"<p>En horas de la noche de ayer 18-01-26, efectivos policiales dependientes de la Comisaria de Distrito Primera de Mocoreta tomaron conocimiento que por Ruta Nacional 14, en el kil\u00f3metro 352, se habr\u00eda registrado un siniestro vial, donde por causas y circunstancias que se tratan de establecer, el conductor de un cami\u00f3n falleci\u00f3 tras ser colisionado.<\/p>\n<p>Seg\u00fan la informaci\u00f3n inicial obtenida, el hecho se habr\u00eda registrado pasadas las 22:30 horas y tuvo como protagonista a un cami\u00f3n de una empresa de transporte que habr\u00eda tenido un desperfecto al detener su marcha y descender el chofer, este fue colisionado \u00b4por un autom\u00f3vil marca Fiat Palio conducido por un hombre de apellido Paiva mayor de edad,<br \/>\nEs por ello que a ra\u00edz del siniestro habr\u00eda fallecido en el lugar el conductor del cami\u00f3n (cuya identidad se est\u00e1 tratando de establecer).<\/p>\n<p>Al respecto, en el lugar se realizaron las diligencias correspondientes y en la citada dependencia se continuaron con los tramites de rigor con intervenci\u00f3n de la Unidad Fiscal en turno.<\/p>\n","protected":false},"excerpt":{"rendered":"<p>En horas de la noche de ayer 18-01-26, efectivos policiales dependientes de la Comisaria de Distrito Primera de Mocoreta tomaron conocimiento que por Ruta Nacional 14, en el kil\u00f3metro 352, se habr\u00eda registrado un siniestro vial, donde por causas y circunstancias que se tratan de establecer, el conductor de un cami\u00f3n falleci\u00f3 tras ser colisionado. [&hellip;]<\/p>\n","protected":false},"author":4,"featured_media":142659,"comment_status":"closed","ping_status":"closed","sticky":false,"template":"","format":"standard","meta":{"footnotes":""},"categories":[58],"tags":[],"class_list":{"0":"post-142658","1":"post","2":"type-post","3":"status-publish","4":"format-standard","5":"has-post-thumbnail","7":"category-corrientes"},"_links":{"self":[{"href":"https:\/\/revistaesperanzas.com\/web\/wp-json\/wp\/v2\/posts\/142658","targetHints":{"allow":["GET"]}}],"collection":[{"href":"https:\/\/revistaesperanzas.com\/web\/wp-json\/wp\/v2\/posts"}],"about":[{"href":"https:\/\/revistaesperanzas.com\/web\/wp-json\/wp\/v2\/types\/post"}],"author":[{"embeddable":true,"href":"https:\/\/revistaesperanzas.com\/web\/wp-json\/wp\/v2\/users\/4"}],"replies":[{"embeddable":true,"href":"https:\/\/revistaesperanzas.com\/web\/wp-json\/wp\/v2\/comments?post=142658"}],"version-history":[{"count":1,"href":"https:\/\/revistaesperanzas.com\/web\/wp-json\/wp\/v2\/posts\/142658\/revisions"}],"predecessor-version":[{"id":142660,"href":"https:\/\/revistaesperanzas.com\/web\/wp-json\/wp\/v2\/posts\/142658\/revisions\/142660"}],"wp:featuredmedia":[{"embeddable":true,"href":"https:\/\/revistaesperanzas.com\/web\/wp-json\/wp\/v2\/media\/142659"}],"wp:attachment":[{"href":"https:\/\/revistaesperanzas.com\/web\/wp-json\/wp\/v2\/media?parent=142658"}],"wp:term":[{"taxonomy":"category","embeddable":true,"href":"https:\/\/revistaesperanzas.com\/web\/wp-json\/wp\/v2\/categories?post=142658"},{"taxonomy":"post_tag","embeddable":true,"href":"https:\/\/revistaesperanzas.com\/web\/wp-json\/wp\/v2\/tags?post=142658"}],"curies":[{"name":"wp","href":"https:\/\/api.w.org\/{rel}","templated":true}]}}