{"id":145744,"date":"2026-03-02T21:24:17","date_gmt":"2026-03-03T00:24:17","guid":{"rendered":"https:\/\/revistaesperanzas.com\/web\/?p=145744"},"modified":"2026-03-02T21:24:17","modified_gmt":"2026-03-03T00:24:17","slug":"tributo-a-las-mujeres","status":"publish","type":"post","link":"https:\/\/revistaesperanzas.com\/web\/2026\/03\/tributo-a-las-mujeres\/","title":{"rendered":"TRIBUTO A LAS MUJERES"},"content":{"rendered":"<p style=\"font-weight: 400;\"><strong>\u201cEllas Crean\u201d: Exposici\u00f3n en adhesi\u00f3n al D\u00eda Internacional de la Mujer<\/strong><\/p>\n<p style=\"font-weight: 400;\">La Municipalidad de Goya, desde la Direcci\u00f3n de Cultura, ha programado una serie de actividades art\u00edsticas, musicales y de reconocimiento a mujeres que aportaron a la cultura de la ciudad.<\/p>\n<p style=\"font-weight: 400;\">En este sentido la programaci\u00f3n elaborada para ese fin, en la Casa de la Cultura, contempla:<\/p>\n<p style=\"font-weight: 400;\">Viernes 6 de marzo: Inauguraci\u00f3n de la Exposici\u00f3n \u201cEllas Crean\u201d, Sal\u00f3n Colectivo de artistas goyanas a las 20,30 horas.<\/p>\n<p style=\"font-weight: 400;\">S\u00e1bado 7: Desde las 20,30 horas, homenaje a la profesora Susana Manzanares con un encuentro art\u00edstico musical: \u201cVoces Cantan al atardecer\u201d; con interpretaciones de artistas de la Direcci\u00f3n de Cultura.<\/p>\n<p style=\"font-weight: 400;\">Todo el programa persigue el firme prop\u00f3sito de reconocer la labor de las mujeres en todos los \u00e1mbitos. Es en adhesi\u00f3n al 8 de marzo, D\u00eda de la Mujer, con entrada libre y gratuita.<\/p>\n","protected":false},"excerpt":{"rendered":"<p>\u201cEllas Crean\u201d: Exposici\u00f3n en adhesi\u00f3n al D\u00eda Internacional de la Mujer La Municipalidad de Goya, desde la Direcci\u00f3n de Cultura, ha programado una serie de actividades art\u00edsticas, musicales y de reconocimiento a mujeres que aportaron a la cultura de la ciudad. En este sentido la programaci\u00f3n elaborada para ese fin, en la Casa de la [&hellip;]<\/p>\n","protected":false},"author":4,"featured_media":145745,"comment_status":"closed","ping_status":"closed","sticky":false,"template":"","format":"standard","meta":{"footnotes":""},"categories":[45],"tags":[],"class_list":{"0":"post-145744","1":"post","2":"type-post","3":"status-publish","4":"format-standard","5":"has-post-thumbnail","7":"category-locales"},"_links":{"self":[{"href":"https:\/\/revistaesperanzas.com\/web\/wp-json\/wp\/v2\/posts\/145744","targetHints":{"allow":["GET"]}}],"collection":[{"href":"https:\/\/revistaesperanzas.com\/web\/wp-json\/wp\/v2\/posts"}],"about":[{"href":"https:\/\/revistaesperanzas.com\/web\/wp-json\/wp\/v2\/types\/post"}],"author":[{"embeddable":true,"href":"https:\/\/revistaesperanzas.com\/web\/wp-json\/wp\/v2\/users\/4"}],"replies":[{"embeddable":true,"href":"https:\/\/revistaesperanzas.com\/web\/wp-json\/wp\/v2\/comments?post=145744"}],"version-history":[{"count":1,"href":"https:\/\/revistaesperanzas.com\/web\/wp-json\/wp\/v2\/posts\/145744\/revisions"}],"predecessor-version":[{"id":145746,"href":"https:\/\/revistaesperanzas.com\/web\/wp-json\/wp\/v2\/posts\/145744\/revisions\/145746"}],"wp:featuredmedia":[{"embeddable":true,"href":"https:\/\/revistaesperanzas.com\/web\/wp-json\/wp\/v2\/media\/145745"}],"wp:attachment":[{"href":"https:\/\/revistaesperanzas.com\/web\/wp-json\/wp\/v2\/media?parent=145744"}],"wp:term":[{"taxonomy":"category","embeddable":true,"href":"https:\/\/revistaesperanzas.com\/web\/wp-json\/wp\/v2\/categories?post=145744"},{"taxonomy":"post_tag","embeddable":true,"href":"https:\/\/revistaesperanzas.com\/web\/wp-json\/wp\/v2\/tags?post=145744"}],"curies":[{"name":"wp","href":"https:\/\/api.w.org\/{rel}","templated":true}]}}