{"id":145747,"date":"2026-03-02T21:26:04","date_gmt":"2026-03-03T00:26:04","guid":{"rendered":"https:\/\/revistaesperanzas.com\/web\/?p=145747"},"modified":"2026-03-02T21:26:04","modified_gmt":"2026-03-03T00:26:04","slug":"parte-de-prensa-asistencia-a-persona-adulta-mayor","status":"publish","type":"post","link":"https:\/\/revistaesperanzas.com\/web\/2026\/03\/parte-de-prensa-asistencia-a-persona-adulta-mayor\/","title":{"rendered":"PARTE DE PRENSA  ASISTENCIA A PERSONA ADULTA MAYOR"},"content":{"rendered":"<p style=\"font-weight: 400;\">La Polic\u00eda informa que un hombre de avanzada edad, oriundo de Goya, habr\u00eda viajado solo en colectivo hacia la ciudad de Corrientes Capital, siendo posteriormente hallado desorientado y deambulando por la peatonal Jun\u00edn.<\/p>\n<p style=\"font-weight: 400;\">El mismo fue localizado y resguardado por personal de la Comisar\u00eda Cuarta Urbana de Corrientes, quienes, en coordinaci\u00f3n con la Comisar\u00eda Primera de Goya, lograron establecer contacto con sus familiares.<\/p>\n<p style=\"font-weight: 400;\">Actualmente, sus allegados se encuentran dirigi\u00e9ndose a la ciudad de Corrientes para su traslado.\u00a0La\u00a0persona est\u00e1 en buen estado y bajo resguardo policial.<\/p>\n<p style=\"font-weight: 400;\">Se destaca el trabajo coordinado entre dependencias, priorizando la protecci\u00f3n y el cuidado de personas en situaci\u00f3n de vulnerabilidad.<\/p>\n","protected":false},"excerpt":{"rendered":"<p>La Polic\u00eda informa que un hombre de avanzada edad, oriundo de Goya, habr\u00eda viajado solo en colectivo hacia la ciudad de Corrientes Capital, siendo posteriormente hallado desorientado y deambulando por la peatonal Jun\u00edn. El mismo fue localizado y resguardado por personal de la Comisar\u00eda Cuarta Urbana de Corrientes, quienes, en coordinaci\u00f3n con la Comisar\u00eda Primera [&hellip;]<\/p>\n","protected":false},"author":4,"featured_media":145748,"comment_status":"closed","ping_status":"closed","sticky":false,"template":"","format":"standard","meta":{"footnotes":""},"categories":[45],"tags":[],"class_list":{"0":"post-145747","1":"post","2":"type-post","3":"status-publish","4":"format-standard","5":"has-post-thumbnail","7":"category-locales"},"_links":{"self":[{"href":"https:\/\/revistaesperanzas.com\/web\/wp-json\/wp\/v2\/posts\/145747","targetHints":{"allow":["GET"]}}],"collection":[{"href":"https:\/\/revistaesperanzas.com\/web\/wp-json\/wp\/v2\/posts"}],"about":[{"href":"https:\/\/revistaesperanzas.com\/web\/wp-json\/wp\/v2\/types\/post"}],"author":[{"embeddable":true,"href":"https:\/\/revistaesperanzas.com\/web\/wp-json\/wp\/v2\/users\/4"}],"replies":[{"embeddable":true,"href":"https:\/\/revistaesperanzas.com\/web\/wp-json\/wp\/v2\/comments?post=145747"}],"version-history":[{"count":1,"href":"https:\/\/revistaesperanzas.com\/web\/wp-json\/wp\/v2\/posts\/145747\/revisions"}],"predecessor-version":[{"id":145749,"href":"https:\/\/revistaesperanzas.com\/web\/wp-json\/wp\/v2\/posts\/145747\/revisions\/145749"}],"wp:featuredmedia":[{"embeddable":true,"href":"https:\/\/revistaesperanzas.com\/web\/wp-json\/wp\/v2\/media\/145748"}],"wp:attachment":[{"href":"https:\/\/revistaesperanzas.com\/web\/wp-json\/wp\/v2\/media?parent=145747"}],"wp:term":[{"taxonomy":"category","embeddable":true,"href":"https:\/\/revistaesperanzas.com\/web\/wp-json\/wp\/v2\/categories?post=145747"},{"taxonomy":"post_tag","embeddable":true,"href":"https:\/\/revistaesperanzas.com\/web\/wp-json\/wp\/v2\/tags?post=145747"}],"curies":[{"name":"wp","href":"https:\/\/api.w.org\/{rel}","templated":true}]}}