{"id":145759,"date":"2026-03-02T21:53:14","date_gmt":"2026-03-03T00:53:14","guid":{"rendered":"https:\/\/revistaesperanzas.com\/web\/?p=145759"},"modified":"2026-03-02T21:53:14","modified_gmt":"2026-03-03T00:53:14","slug":"la-aventura-se-corre-en-el-predio-costa-surubi","status":"publish","type":"post","link":"https:\/\/revistaesperanzas.com\/web\/2026\/03\/la-aventura-se-corre-en-el-predio-costa-surubi\/","title":{"rendered":"LA AVENTURA SE CORRE EN EL PREDIO COSTA SURUB\u00cd"},"content":{"rendered":"<p style=\"font-weight: 400;\">Todo preparado para el primer Trail del a\u00f1o, este s\u00e1bado la gran aventura en el primer turno desde las 16 horas, los ni\u00f1os y desde las 20 y 30 horas la Gran Aventura Nocturna<a href=\"https:\/\/revistaesperanzas.com\/web\/2026\/03\/la-aventura-se-corre-en-el-predio-costa-surubi\/aventura-nocturna-nuevo-escenario-flyr-3-circuito\/\" rel=\"attachment wp-att-145761\"><img loading=\"lazy\" decoding=\"async\" class=\" wp-image-145761 alignright\" src=\"https:\/\/revistaesperanzas.com\/web\/wp-content\/uploads\/2026\/03\/Aventura-Nocturna-nuevo-escenario-Flyr-3-circuito.jpg\" alt=\"\" width=\"401\" height=\"501\" srcset=\"https:\/\/revistaesperanzas.com\/web\/wp-content\/uploads\/2026\/03\/Aventura-Nocturna-nuevo-escenario-Flyr-3-circuito.jpg 600w, https:\/\/revistaesperanzas.com\/web\/wp-content\/uploads\/2026\/03\/Aventura-Nocturna-nuevo-escenario-Flyr-3-circuito-336x420.jpg 336w\" sizes=\"auto, (max-width: 401px) 100vw, 401px\" \/><\/a><\/p>\n<p style=\"font-weight: 400;\">La carrera de los \u201cpeques\u201d se divide en las siguientes categor\u00edas de 4 a 7 a\u00f1os, distancia 400 metros, de 8 a 10 a\u00f1os la distancia de 1K y de 11 a 13 a\u00f1os la distancia ser\u00e1 de 2 Kil\u00f3metros.<\/p>\n<p style=\"font-weight: 400;\">El cronograma establece desde 16 horas, inscripciones, a las 17 horas se larga la primera categor\u00eda, 17 y 30 horas la segunda para concluir a las 18 horas con la distancia m\u00e1s larga y a las 18 horas la premiaci\u00f3n.<\/p>\n<p style=\"font-weight: 400;\">AVENTURA NOCTURNA<\/p>\n<p style=\"font-weight: 400;\">Para la carrera de aventura destinada a los m\u00e1s grandes, prev\u00e9<a href=\"https:\/\/revistaesperanzas.com\/web\/2026\/03\/la-aventura-se-corre-en-el-predio-costa-surubi\/aventurakids-nuevo-escenario-flyr-1\/\" rel=\"attachment wp-att-145762\"><img loading=\"lazy\" decoding=\"async\" class=\" wp-image-145762 alignleft\" src=\"https:\/\/revistaesperanzas.com\/web\/wp-content\/uploads\/2026\/03\/AventuraKids-nuevo-escenario-flyr-1.jpg\" alt=\"\" width=\"400\" height=\"500\" srcset=\"https:\/\/revistaesperanzas.com\/web\/wp-content\/uploads\/2026\/03\/AventuraKids-nuevo-escenario-flyr-1.jpg 600w, https:\/\/revistaesperanzas.com\/web\/wp-content\/uploads\/2026\/03\/AventuraKids-nuevo-escenario-flyr-1-336x420.jpg 336w\" sizes=\"auto, (max-width: 400px) 100vw, 400px\" \/><\/a> desde las 16 horas entrega de Kits(elementos); a partir de las 20 y 30 entrada en calor de los runners, 21 horas largada de la 5\u00aa edici\u00f3n y a partir de las 23 horas el cierre y premiaci\u00f3n de la competencia.<\/p>\n<p style=\"font-weight: 400;\">Se recuerda a los corredores el uso obligatorio de la linterna.<\/p>\n<p style=\"font-weight: 400;\">Con el acompa\u00f1amiento de la Municipalidad de Goya, a trav\u00e9s de la Direcci\u00f3n de Deportes y la colaboraci\u00f3n del equipo Modo Runner Team se desarrollar\u00e1 esta primera aventura del a\u00f1o, en el Predio Costa Surub\u00ed, con ingreso libre y gratuito.<\/p>\n","protected":false},"excerpt":{"rendered":"<p>Todo preparado para el primer Trail del a\u00f1o, este s\u00e1bado la gran aventura en el primer turno desde las 16 horas, los ni\u00f1os y desde las 20 y 30 horas la Gran Aventura Nocturna La carrera de los \u201cpeques\u201d se divide en las siguientes categor\u00edas de 4 a 7 a\u00f1os, distancia 400 metros, de 8 [&hellip;]<\/p>\n","protected":false},"author":4,"featured_media":145760,"comment_status":"closed","ping_status":"closed","sticky":false,"template":"","format":"standard","meta":{"footnotes":""},"categories":[45],"tags":[],"class_list":{"0":"post-145759","1":"post","2":"type-post","3":"status-publish","4":"format-standard","5":"has-post-thumbnail","7":"category-locales"},"_links":{"self":[{"href":"https:\/\/revistaesperanzas.com\/web\/wp-json\/wp\/v2\/posts\/145759","targetHints":{"allow":["GET"]}}],"collection":[{"href":"https:\/\/revistaesperanzas.com\/web\/wp-json\/wp\/v2\/posts"}],"about":[{"href":"https:\/\/revistaesperanzas.com\/web\/wp-json\/wp\/v2\/types\/post"}],"author":[{"embeddable":true,"href":"https:\/\/revistaesperanzas.com\/web\/wp-json\/wp\/v2\/users\/4"}],"replies":[{"embeddable":true,"href":"https:\/\/revistaesperanzas.com\/web\/wp-json\/wp\/v2\/comments?post=145759"}],"version-history":[{"count":2,"href":"https:\/\/revistaesperanzas.com\/web\/wp-json\/wp\/v2\/posts\/145759\/revisions"}],"predecessor-version":[{"id":145764,"href":"https:\/\/revistaesperanzas.com\/web\/wp-json\/wp\/v2\/posts\/145759\/revisions\/145764"}],"wp:featuredmedia":[{"embeddable":true,"href":"https:\/\/revistaesperanzas.com\/web\/wp-json\/wp\/v2\/media\/145760"}],"wp:attachment":[{"href":"https:\/\/revistaesperanzas.com\/web\/wp-json\/wp\/v2\/media?parent=145759"}],"wp:term":[{"taxonomy":"category","embeddable":true,"href":"https:\/\/revistaesperanzas.com\/web\/wp-json\/wp\/v2\/categories?post=145759"},{"taxonomy":"post_tag","embeddable":true,"href":"https:\/\/revistaesperanzas.com\/web\/wp-json\/wp\/v2\/tags?post=145759"}],"curies":[{"name":"wp","href":"https:\/\/api.w.org\/{rel}","templated":true}]}}