{"id":145765,"date":"2026-03-02T21:54:35","date_gmt":"2026-03-03T00:54:35","guid":{"rendered":"https:\/\/revistaesperanzas.com\/web\/?p=145765"},"modified":"2026-03-02T21:54:35","modified_gmt":"2026-03-03T00:54:35","slug":"escuelas-municipales","status":"publish","type":"post","link":"https:\/\/revistaesperanzas.com\/web\/2026\/03\/escuelas-municipales\/","title":{"rendered":"ESCUELAS MUNICIPALES"},"content":{"rendered":"<p style=\"font-weight: 400;\">Laura Vicentin explica las ofertas disponibles en la Escuela Municipal Antonio R. Villarreal, en el perfil de Est\u00e9tica Profesional.<\/p>\n<p style=\"font-weight: 400;\">Antes de detallar estos cursos, la coordinadora del \u00e1rea pedag\u00f3gica de la escuela municipal consider\u00f3 importante el curso brindado desde la Secretar\u00eda de Educaci\u00f3n a trav\u00e9s del ITG, en la escuela Villarreal, del cual participan m\u00e1s de 50 docentes. \u201cInici\u00f3 el pasado mi\u00e9rcoles y concluir\u00e1 el pr\u00f3ximo mi\u00e9rcoles 4 de marzo, es sobre el uso de la Inteligencia Artificial, como una herramienta para su \u201cportafolio\u201d, pero sabiendo que la idea, el dise\u00f1o es parte del docente, no puede reemplazar nunca la acci\u00f3n del docente\u201d.<\/p>\n<p style=\"font-weight: 400;\">Esto se da en el marco del convenio con la UTN, sin costo para los docentes que forman parte de este espacio.<\/p>\n<p style=\"font-weight: 400;\">EST\u00c9TICA PROFESIONAL<\/p>\n<p style=\"font-weight: 400;\">Sobre la oferta de la Escuela Municipal Antonio Villarreal, explic\u00f3: \u201cEn el perfil de est\u00e9tica profesional contamos con dos espacios con cupos disponibles: Auxiliar de Peluquer\u00eda y Peluquero\/a\u201d.<\/p>\n<p style=\"font-weight: 400;\">En el caso de Auxiliar de Peluquer\u00eda se dictar\u00e1 en el horario de la ma\u00f1ana de manera presencial, de lunes a viernes, donde aprender\u00e1n el manejo de un sal\u00f3n de est\u00e9tica, preparado, atenci\u00f3n al cliente, manejo y administraci\u00f3n de los recursos.<\/p>\n<p style=\"font-weight: 400;\">De igual manera se llama a inscripci\u00f3n del perfil de Peluquera\/o. \u201cPara ello deben tener el certificado de auxiliar de peluquer\u00eda, all\u00ed aprender\u00e1n la especificidad de la funci\u00f3n del peluquero, corte, colorimetr\u00eda, las habilidades al manejo de colores, tinturas, es m\u00e1s espec\u00edfico de esa \u00e1rea. Tambi\u00e9n en horas de la ma\u00f1ana de lunes a viernes\u201d, explic\u00f3.<\/p>\n<p style=\"font-weight: 400;\">En ambos casos la inscripci\u00f3n se realiza de manera presencial en la sede de la escuela municipal, avenida Neustadt 181, en los horarios de 8 a 12 y de 14 a 18. Es gratuita y como requisitos se pide la fotocopia del DNI, Partida de Nacimiento y certificaci\u00f3n del secundario o ciclo b\u00e1sico. \u201cEs lo que exigen estas formaciones profesionales, las clases dar\u00e1n inicio dentro de unos 15 d\u00edas, tenemos la modalidad de comenzar despu\u00e9s del ciclo lectivo convencional\u201d, aclar\u00f3.<\/p>\n<p style=\"font-weight: 400;\">Finalmente, Laura Vicentin destac\u00f3: \u201cExiste una pol\u00edtica de gesti\u00f3n desde la Municipalidad, desde el intendente, la secretaria de Educaci\u00f3n, con la provisi\u00f3n de insumos para pr\u00e1cticas profesionalizantes, recibiendo la orientaci\u00f3n de brindar esas pr\u00e1cticas en los eventos organizados por la Municipalidad, para otras entidades sin fines de lucro, escuelas. Pensamos en llegar a sectores m\u00e1s vulnerables, como escuelas rurales, all\u00ed el aporte con los perfiles de nuestras escuelas municipales, no solo la est\u00e9tica, sino la gastron\u00f3mica, esa demanda que precisan la promoci\u00f3n humana, all\u00ed cobra el valor este aporte\u201d.<\/p>\n","protected":false},"excerpt":{"rendered":"<p>Laura Vicentin explica las ofertas disponibles en la Escuela Municipal Antonio R. Villarreal, en el perfil de Est\u00e9tica Profesional. Antes de detallar estos cursos, la coordinadora del \u00e1rea pedag\u00f3gica de la escuela municipal consider\u00f3 importante el curso brindado desde la Secretar\u00eda de Educaci\u00f3n a trav\u00e9s del ITG, en la escuela Villarreal, del cual participan m\u00e1s [&hellip;]<\/p>\n","protected":false},"author":4,"featured_media":145766,"comment_status":"closed","ping_status":"closed","sticky":false,"template":"","format":"standard","meta":{"footnotes":""},"categories":[45],"tags":[],"class_list":{"0":"post-145765","1":"post","2":"type-post","3":"status-publish","4":"format-standard","5":"has-post-thumbnail","7":"category-locales"},"_links":{"self":[{"href":"https:\/\/revistaesperanzas.com\/web\/wp-json\/wp\/v2\/posts\/145765","targetHints":{"allow":["GET"]}}],"collection":[{"href":"https:\/\/revistaesperanzas.com\/web\/wp-json\/wp\/v2\/posts"}],"about":[{"href":"https:\/\/revistaesperanzas.com\/web\/wp-json\/wp\/v2\/types\/post"}],"author":[{"embeddable":true,"href":"https:\/\/revistaesperanzas.com\/web\/wp-json\/wp\/v2\/users\/4"}],"replies":[{"embeddable":true,"href":"https:\/\/revistaesperanzas.com\/web\/wp-json\/wp\/v2\/comments?post=145765"}],"version-history":[{"count":1,"href":"https:\/\/revistaesperanzas.com\/web\/wp-json\/wp\/v2\/posts\/145765\/revisions"}],"predecessor-version":[{"id":145767,"href":"https:\/\/revistaesperanzas.com\/web\/wp-json\/wp\/v2\/posts\/145765\/revisions\/145767"}],"wp:featuredmedia":[{"embeddable":true,"href":"https:\/\/revistaesperanzas.com\/web\/wp-json\/wp\/v2\/media\/145766"}],"wp:attachment":[{"href":"https:\/\/revistaesperanzas.com\/web\/wp-json\/wp\/v2\/media?parent=145765"}],"wp:term":[{"taxonomy":"category","embeddable":true,"href":"https:\/\/revistaesperanzas.com\/web\/wp-json\/wp\/v2\/categories?post=145765"},{"taxonomy":"post_tag","embeddable":true,"href":"https:\/\/revistaesperanzas.com\/web\/wp-json\/wp\/v2\/tags?post=145765"}],"curies":[{"name":"wp","href":"https:\/\/api.w.org\/{rel}","templated":true}]}}