{"id":145768,"date":"2026-03-02T22:14:17","date_gmt":"2026-03-03T01:14:17","guid":{"rendered":"https:\/\/revistaesperanzas.com\/web\/?p=145768"},"modified":"2026-03-02T22:14:17","modified_gmt":"2026-03-03T01:14:17","slug":"145768","status":"publish","type":"post","link":"https:\/\/revistaesperanzas.com\/web\/2026\/03\/145768\/","title":{"rendered":""},"content":{"rendered":"<p>El Vice Intendente y Concejales opinaron sobre el Informe anual del Intendente Hormaechea ante el Concejo Deliberante de Goya<\/p>\n<p>El Vice Intendente Sebasti\u00e1n Mazzaro y concejales del oficialismo y la oposici\u00f3n dieron a conocer sus puntos de vista sobre el Mensaje que dio ante el Cuerpo Legislativo y la ciudadan\u00eda, el Intendente Mariano Hormaechea quien, este 1\u00b0 de marzo, dej\u00f3 formalmente inaugurado el per\u00edodo ordinario de sesiones del a\u00f1o 2026 del Concejo Deliberante de Goya.<\/p>\n<p>VICE INTENDENTE MAZZARO<\/p>\n<p>\u201cCreo que est\u00e1 en l\u00ednea con el mensaje del gobernador (Juan Pablo Vald\u00e9s) el tema de la austeridad, de ser prudente y responsable en el uso de los recursos. Es parte de lo que fue siempre la gesti\u00f3n de Mariano Hormaechea, y muestra la continuidad, y despu\u00e9s el apoyo a actividades que van a mover la econom\u00eda local, como el turismo, que me parece de mucha importancia para la ciudad\u201d, sostuvo el Vice Intendente Sebasti\u00e1n Mazzaro.<\/p>\n<p>El tambi\u00e9n presidente del Concejo Deliberante expuso sus expectativas para el nuevo a\u00f1o legislativo en el HCD local. \u201cSi bien pertenezco al Ejecutivo y tengo los mismos deseos que el Intendente, espero que tengamos un buen trabajo legislativo, que realmente sea como dec\u00eda Mariano, cercano a la gente, y siempre dentro del marco del respeto, la tolerancia ante ideas diferentes, como me parece que se tiene que desenvolver el trabajo en este \u00e1mbito\u201d.<\/p>\n<p>\u00bfVa a ser usted el nexo entre el DEM y el HCD?, se le pregunt\u00f3. \u201cYo ser\u00e9 una de las partes, tambi\u00e9n hay que tener presente que hay un vicepresidente 1\u00b0 y una vicepresidente 2\u00b0, que tambi\u00e9n hacen ese trabajo, as\u00ed que ser\u00e9 una de las partes que va a tratar de ser el nexo, obviamente, entre el Ejecutivo y el Legislativo\u201d, respondi\u00f3 el hombre del PP.<a href=\"https:\/\/revistaesperanzas.com\/web\/2026\/03\/145768\/hcd-goya-inauguracion-de-sesiones-ordinarias-2026-opiniones-de-concejales-y-vice-intendente-2\/\" rel=\"attachment wp-att-145770\"><img loading=\"lazy\" decoding=\"async\" class=\"alignnone  wp-image-145770\" src=\"https:\/\/revistaesperanzas.com\/web\/wp-content\/uploads\/2026\/03\/HCD-Goya-Inauguracion-de-sesiones-ordinarias-2026-Opiniones-de-concejales-y-Vice-Intendente-.jpg\" alt=\"\" width=\"693\" height=\"722\" srcset=\"https:\/\/revistaesperanzas.com\/web\/wp-content\/uploads\/2026\/03\/HCD-Goya-Inauguracion-de-sesiones-ordinarias-2026-Opiniones-de-concejales-y-Vice-Intendente-.jpg 600w, https:\/\/revistaesperanzas.com\/web\/wp-content\/uploads\/2026\/03\/HCD-Goya-Inauguracion-de-sesiones-ordinarias-2026-Opiniones-de-concejales-y-Vice-Intendente--403x420.jpg 403w\" sizes=\"auto, (max-width: 693px) 100vw, 693px\" \/><\/a><\/p>\n<p>Remarc\u00f3 que va a buscar siempre el di\u00e1logo con todos los concejales para \u201ctrabajar en conjunto y realmente avanzar en un trabajo que sea beneficioso para toda la sociedad\u201d. \u201cNo creo que haya una puja por oposici\u00f3n misma, creo que va a haber un buen di\u00e1logo\u201d, augur\u00f3 y reitero que es importante que \u201cse guarde el respeto\u201d.<\/p>\n<p>Afirm\u00f3 por otra parte que el mensaje de austeridad que transmiti\u00f3 el Intendente tambi\u00e9n se va a dar dentro del Concejo Deliberante. \u201cMi perfil por la profesi\u00f3n (es contador p\u00fablico) es ser austero. Algunos dicen que a los contadores no nos gusta gastar, pero no, pueden ver que hemos hecho un gasto, si bien austero, para que el Sal\u00f3n de Sesiones vuelva a estar en condiciones, porque estaba bastante deteriorado\u201d, sostuvo.<\/p>\n<p>Y destac\u00f3 que todo el trabajo en el 4to piso del palacio comunal \u201clo hicimos con personal<\/p>\n<p>municipal, personal de la Direcci\u00f3n de Servicios. La arquitecta Luisina Leyes (Subsecretaria de Planeamiento) nos dio una mano muy grande, estuvo a cargo de la direcci\u00f3n; Cultura nos dio los cuadros; Sonia Espina, la Secretar\u00eda de Educaci\u00f3n y la Escuela de Artes Pl\u00e1sticas, con su directora Mariana M\u00e1spero, y las profes hicieron que el Escudo de Goya que tenemos atr\u00e1s (del estrado de la Presidencia) vuelva a relucir, est\u00e9 con colores m\u00e1s vivos. Lo hicimos todo con personal municipal y eso hay que recalcarlo, as\u00ed que forma parte esto de hacer las cosas con austeridad\u201d, subray\u00f3 el Vice Intendente Mazzaro.<\/p>\n<p>CONCEJAL VIVIAN MERLO (UCR-Vamos Corrientes)<\/p>\n<p>En la mirada concejal Vivian Merlo, Vicepresidente 2\u00b0 del HCD, en el arranque de su segundo mandato, el intendente Mariano Hormaechea, expuso la proyecci\u00f3n de ciudad basada en el Pacto Goya 2030 con ejes estrat\u00e9gicos como el desarrollo, la modernizaci\u00f3n y la inclusi\u00f3n, y \u201cse proyect\u00f3 con las diferentes \u00e1reas d\u00e1ndonos buenas noticias como la pr\u00f3xima inauguraci\u00f3n de lo que es la Costanera de nuestra ciudad\u201d.<\/p>\n<p>Destac\u00f3 tambi\u00e9n \u201ctodo lo que tiene que ver con el Municipio ordenado y la estabilidad, un Municipio sin deuda y la previsibilidad en el tiempo, teniendo en cuenta la situaci\u00f3n econ\u00f3mica que estamos pasando a nivel nacional, no descuidando \u00e1reas importantes como desarrollo social, lo relacionado a educaci\u00f3n, en definitiva, todas las \u00e1reas, porque tambi\u00e9n remarc\u00f3 la importancia del turismo, viendo la proyecci\u00f3n y la visi\u00f3n que tiene la Reserva Isoro y lo que fue el Parque Acu\u00e1tico\u201d.<\/p>\n<p>La edil de la UCR celebr\u00f3 tambi\u00e9n los logros de programas \u201cque fueron en esta gesti\u00f3n muy exitosos como el \u201cMita y Mita\u201d, que va por su tercera edici\u00f3n y resalt\u00f3 que este a\u00f1o se suma el \u201cMita y Mita\u201d de Veredas \u201cen el cual casi 300 personas ya se han anotado. Valor\u00f3 igualmente lo que tiene que ver con emprendedores goyanos y otros programas.<\/p>\n<p>\u201cLa verdad que un buen balance, un proyecto de ciudad bien claro que tiene ejes fundamentales que son orden, planificaci\u00f3n y eso va a dar obviamente una ciudad mejor y como siempre lo que tiene nuestro intendente Mariano Hormaechea es que convoca a todas las instituciones, tanto del sector privado como p\u00fablico y entidades intermedias a ser parte de este proyecto de ciudad con el pacto Goya 2030 como hoja de ruta de lo que va a ser\u201d, sostuvo Merlo.<\/p>\n<p>Y en cuanto a sus expectativas por la labor del Cuerpo Legislativo en este 2026, la edil de \u201cVamos Corrientes\u201d dijo \u201cdespu\u00e9s de haber pasado el a\u00f1o pasado un periodo con algunas dificultades dentro del Concejo esperamos que este a\u00f1o con los nuevos concejales podamos hacer lo que nos dice el Intendente convocar a todos los sectores y poner a Goya primero m\u00e1s all\u00e1 de las diferencias pol\u00edticas poner a Goya primero\u201d. Al tiempo que celebr\u00f3 que nuevamente las mujeres sean mayor\u00eda en el HCD (8 de un total de 15). \u201cLas<\/p>\n<p>mujeres se encuentran cada vez m\u00e1s arriba en igualdad de condiciones con los hombres. Las mujeres llegamos por capacidad, por trabajo, por constancia, y eso habla bien de nosotras\u201d, cerr\u00f3 Vivian Merlo.<a href=\"https:\/\/revistaesperanzas.com\/web\/2026\/03\/145768\/hcd-goya-inauguracion-de-sesiones-ordinarias-2026-opiniones-de-concejales-y-vice-intendente-3\/\" rel=\"attachment wp-att-145771\"><img loading=\"lazy\" decoding=\"async\" class=\"alignnone  wp-image-145771\" src=\"https:\/\/revistaesperanzas.com\/web\/wp-content\/uploads\/2026\/03\/HCD-Goya-Inauguracion-de-sesiones-ordinarias-2026-Opiniones-de-concejales-y-Vice-Intendente-1-1.jpg\" alt=\"\" width=\"700\" height=\"490\" srcset=\"https:\/\/revistaesperanzas.com\/web\/wp-content\/uploads\/2026\/03\/HCD-Goya-Inauguracion-de-sesiones-ordinarias-2026-Opiniones-de-concejales-y-Vice-Intendente-1-1.jpg 600w, https:\/\/revistaesperanzas.com\/web\/wp-content\/uploads\/2026\/03\/HCD-Goya-Inauguracion-de-sesiones-ordinarias-2026-Opiniones-de-concejales-y-Vice-Intendente-1-1-100x70.jpg 100w\" sizes=\"auto, (max-width: 700px) 100vw, 700px\" \/><\/a><\/p>\n<p>CONCEJAL MARCOS GONZ\u00c1LEZ (PJ- UNI\u00d3N POR LA PATRIA)<\/p>\n<p>A juicio del concejal Marcos Dami\u00e1n Gonz\u00e1lez (PJ) el Mensaje del Intendente Hormaechea abre \u201cmucha expectativa\u201d. \u201cCreo que es positivo que tengamos conciencia no solamente de la visi\u00f3n que se ha proyectado con el Pacto 2030 de Goya sino tambi\u00e9n de la provincia de Corrientes. En ese sentido nosotros vamos a acompa\u00f1ar este lineamiento trazado por el gobierno con algunas observaciones que creemos importantes. Cuando hablamos de equilibrio fiscal con desarrollo digo con desarrollo y vuelvo a subrayar con desarrollo\u201d.<\/p>\n<p>Lo mismo cuando se habla de cord\u00f3n cuneta de pavimento de obras en la ciudad \u201ctambi\u00e9n subrayamos el crecimiento de los caminos rurales y de la infraestructura rural. En ese sentido nosotros vamos a tratar de complementar todo lo que se pueda y de velar por las oportunidades. El intendente habl\u00f3 de la ampliaci\u00f3n de oportunidades para los que menos tienen y es una de las coincidencias que tenemos por las que vamos a bregar\u201d, asever\u00f3 el novel concejal.<\/p>\n<p>Record\u00f3 que el jefe comunal hizo hincapi\u00e9 adem\u00e1s en el \u201ccrecimiento con sostenibilidad ambiental. Tambi\u00e9n creemos que la ciudad se tiene que modernizar en ese sentido y por supuesto que vamos a apoyar esa modernizaci\u00f3n y que vaya a la par del crecimiento de la producci\u00f3n primaria y vuelvo a decir con \u00e9nfasis en la zona rural\u201d.<\/p>\n<p>\u201cCreo que los concejales vamos a ser responsables en legislar este a\u00f1o teniendo en cuenta ese rumbo, teniendo en cuenta las ordenanzas que ya existen, las que faltan y por supuesto las necesidades que nos vayan acercando los vecinos que a lo mejor no est\u00e9n contempladas todav\u00eda y que tendremos que tener los ojos y los o\u00eddos abiertos para atender a esa demanda permanente.<\/p>\n<p>\u00bfLe hubiera gustado que diga algo que no dijo el Intendente hoy en su mensaje?, se le pregunt\u00f3 a Gonz\u00e1lez. \u201cNo, porque nosotros vinimos a escuchar cu\u00e1l es el rumbo que quiere trazar el gobierno. Prefiero que no me prometa nada que no va a cumplir\u201d, expres\u00f3<\/p>\n<p>CONCEJAL MARCELO FRATTINI (PL- Vamos Corrientes)<\/p>\n<p>El Vicepresidente 1\u00b0 Marcelo Frattini (Partido Liberal), en tanto, expres\u00f3 \u201cla verdad que encontramos un Intendente s\u00f3lido, con una convicci\u00f3n fuerte, con el programa que viene sosteniendo en estos cuatro primeros a\u00f1os de gesti\u00f3n y fortaleci\u00e9ndolo hoy, llevando adelante la culminaci\u00f3n de cada uno de sus proyectos\u201d.<\/p>\n<p>En esa l\u00ednea Frattini resalt\u00f3 el avance de la construcci\u00f3n de la nueva Terminal de \u00d3mnibus con \u201cun 60% de la obra, el compromiso del gobernador de terminar la nueva Costanera antes de la Fiesta Surub\u00ed son cosas, para m\u00ed, y para los goyanos importantes, al igual que la reserva Isoro, la obra de la playa de transferencia de carga, y de los emprendimientos que se va a llevar adelante y todo el desarrollo como ciudad, adem\u00e1s de la presencia siempre cerca al vecino, todo el tiempo\u201d.<\/p>\n<p>Analiz\u00f3 que este 2026 va a ser \u201cun a\u00f1o muy dif\u00edcil\u201d porque \u201chay muchas pol\u00edticas econ\u00f3micas que est\u00e1n afectando a la gente tambi\u00e9n sabemos que la primera puerta que se golpea es la de la Municipalidad y en eso tambi\u00e9n se comprometi\u00f3 (el Intendente) a que est\u00e1 reforzando las \u00e1reas sensibles del Municipio como para estar presente en cada necesidad y en cada urgencia que requiera el goyano.<\/p>\n<p>Plante\u00f3 el jefe comunal que la intenci\u00f3n es trabajar en forma conjunta con el Concejo Deliberante, y tambi\u00e9n con las instituciones intermedias. \u201cEn eso tambi\u00e9n apost\u00f3 mucho el di\u00e1logo cuando habl\u00f3 del tema del sector productivo, de estar al lado de la gente, de los comerciantes, para desarrollar y fortalecer nuestro frigor\u00edfico, para desarrollar tambi\u00e9n el agro y el fortalecimiento al campo, el apoyo a las escuelas rurales. Espero que esto se concrete, que as\u00ed sea, por el bien de todos los goyanos\u201d, augur\u00f3 Frattini. Y acot\u00f3: \u201cHay que estar cerca del goyano que est\u00e1 sufriendo las consecuencias econ\u00f3micas.<\/p>\n<p>Y cu\u00e1les son sus expectativas para este a\u00f1o en el Concejo como autoridad del Cuerpo? \u201cNosotros seguiremos actuando como siempre, en el sentido de fortalecer el di\u00e1logo, que creo que es una de las cosas que me siento parte de hacerlo constantemente. Y es lo que voy a seguir buscando con el oficialismo, y con oposici\u00f3n. Para m\u00ed todos somos un pensamiento de la sociedad y representamos eso y debemos entendernos. Y espero que as\u00ed sea, porque para el fortalecimiento de las instituciones es fundamental el di\u00e1logo\u201d, subray\u00f3 el concejal Marcelo Frattini.<\/p>\n<p>CONCEJAL ANTONIO MAZZARO (Encuentro Liberal)<\/p>\n<p>Para el concejal Antonio \u201cTony\u201d Mazzaro, (ELI) fue \u201cmuy importante\u201d que el Intendente inaugure el periodo de sesiones ordinarias del Concejo porque \u201cse esta dando cumplimiento a lo que establece la Carta Org\u00e1nica Municipal\u201d.<\/p>\n<p>Sostuvo el edil que fue \u201cun mensaje claro, sencillo, con lo que viene a proyectar para este a\u00f1o. Nosotros desde nuestro espacio pol\u00edtico vamos a trabajar conjuntamente con el vecino, como siempre lo hacemos, vamos a presentar los proyectos que sean necesarios. Aportar las ideas necesarias, escuchar, dialogar, en funci\u00f3n de eso, vamos a tratar de hacer el mejor trabajo posible para este a\u00f1o legislativo\u201d, se\u00f1al\u00f3 \u201cTony\u201d Mazzaro.<\/p>\n<p>Como alguno de sus pares destac\u00f3 del mensaje de Hormaechea, el anuncio de la inauguraci\u00f3n de las obras de la Costanera para la Fiesta del Surub\u00ed. \u201cEs un pedido que el goyano viene reiterando ya hace varios a\u00f1os. As\u00ed que bueno, esperemos que as\u00ed sea, por el bien de los vecinos de Goya, una obra que viene siendo reclamada, un espacio hist\u00f3rico, cultural de nuestra ciudad y que Dios mediante se pueda concretar de una vez por todas\u201d.<\/p>\n<p>El Concejo Deliberante inicia este a\u00f1o legislativo con nuevos integrantes tanto en el oficialismo como en la oposici\u00f3n. Al respecto, el concejal de ELI coment\u00f3 que \u201che dialogado con todos mis pares nuevos que han ingresado, s\u00e9 de la capacidad y las ganas de trabajar que tienen todos por nuestra ciudad. As\u00ed que bueno, iremos construyendo, a partir de ahora, continuar el di\u00e1logo que por ah\u00ed ten\u00edamos un poco m\u00e1s informal, y llevarlo un poco m\u00e1s concreto para ver c\u00f3mo hacemos una sinergia para generar un trabajo mejor de este a\u00f1o en beneficio de todos los goyanos\u201d, asever\u00f3 Antonio Mazzaro. &#8211;<\/p>\n","protected":false},"excerpt":{"rendered":"<p>El Vice Intendente y Concejales opinaron sobre el Informe anual del Intendente Hormaechea ante el Concejo Deliberante de Goya El Vice Intendente Sebasti\u00e1n Mazzaro y concejales del oficialismo y la oposici\u00f3n dieron a conocer sus puntos de vista sobre el Mensaje que dio ante el Cuerpo Legislativo y la ciudadan\u00eda, el Intendente Mariano Hormaechea quien, [&hellip;]<\/p>\n","protected":false},"author":4,"featured_media":145769,"comment_status":"closed","ping_status":"closed","sticky":false,"template":"","format":"standard","meta":{"footnotes":""},"categories":[45],"tags":[],"class_list":{"0":"post-145768","1":"post","2":"type-post","3":"status-publish","4":"format-standard","5":"has-post-thumbnail","7":"category-locales"},"_links":{"self":[{"href":"https:\/\/revistaesperanzas.com\/web\/wp-json\/wp\/v2\/posts\/145768","targetHints":{"allow":["GET"]}}],"collection":[{"href":"https:\/\/revistaesperanzas.com\/web\/wp-json\/wp\/v2\/posts"}],"about":[{"href":"https:\/\/revistaesperanzas.com\/web\/wp-json\/wp\/v2\/types\/post"}],"author":[{"embeddable":true,"href":"https:\/\/revistaesperanzas.com\/web\/wp-json\/wp\/v2\/users\/4"}],"replies":[{"embeddable":true,"href":"https:\/\/revistaesperanzas.com\/web\/wp-json\/wp\/v2\/comments?post=145768"}],"version-history":[{"count":2,"href":"https:\/\/revistaesperanzas.com\/web\/wp-json\/wp\/v2\/posts\/145768\/revisions"}],"predecessor-version":[{"id":145773,"href":"https:\/\/revistaesperanzas.com\/web\/wp-json\/wp\/v2\/posts\/145768\/revisions\/145773"}],"wp:featuredmedia":[{"embeddable":true,"href":"https:\/\/revistaesperanzas.com\/web\/wp-json\/wp\/v2\/media\/145769"}],"wp:attachment":[{"href":"https:\/\/revistaesperanzas.com\/web\/wp-json\/wp\/v2\/media?parent=145768"}],"wp:term":[{"taxonomy":"category","embeddable":true,"href":"https:\/\/revistaesperanzas.com\/web\/wp-json\/wp\/v2\/categories?post=145768"},{"taxonomy":"post_tag","embeddable":true,"href":"https:\/\/revistaesperanzas.com\/web\/wp-json\/wp\/v2\/tags?post=145768"}],"curies":[{"name":"wp","href":"https:\/\/api.w.org\/{rel}","templated":true}]}}