{"id":145774,"date":"2026-03-02T22:19:21","date_gmt":"2026-03-03T01:19:21","guid":{"rendered":"https:\/\/revistaesperanzas.com\/web\/?p=145774"},"modified":"2026-03-02T22:21:59","modified_gmt":"2026-03-03T01:21:59","slug":"calles-amado-puyau-y-las-dalias","status":"publish","type":"post","link":"https:\/\/revistaesperanzas.com\/web\/2026\/03\/calles-amado-puyau-y-las-dalias\/","title":{"rendered":"CALLES AMADO PUYAU Y LAS DALIAS"},"content":{"rendered":"<p>DEMORAN A DOS SUJETOS POR PROVOCAR UN INCENDIO DE PASTIZALES<\/p>\n<p>En horas de la tarde de antes de ayer 28-02-26, efectivos policiales de la comisaria D\u00e9cimo S\u00e9ptima urbana, tomaron conocimiento que, en inmediaciones de calles Amado Puyau y las<a href=\"https:\/\/revistaesperanzas.com\/web\/2026\/03\/calles-amado-puyau-y-las-dalias\/quema-de-pasto-2\/\" rel=\"attachment wp-att-145779\"><img loading=\"lazy\" decoding=\"async\" class=\" wp-image-145779 alignright\" src=\"https:\/\/revistaesperanzas.com\/web\/wp-content\/uploads\/2026\/03\/quema-de-pasto-1.png\" alt=\"\" width=\"400\" height=\"266\" \/><\/a> Dalias de esta ciudad, se estar\u00eda produciendo una quema de pastizales, situaci\u00f3n est\u00e1 que se encuentra prohibida en todo el territorio provincial.<\/p>\n<p>Por tal motivo, r\u00e1pidamente los polic\u00edas se constituyeron en el lugar, donde luego de las primeras averiguaciones efectuadas, y en un r\u00e1pido accionar se pudo dar con las personas que habr\u00edan estado realizando esta actividad, quienes fueron localizados y demorados, trat\u00e1ndose de dos j\u00f3venes de 20 y 22 a\u00f1os de edad, inici\u00e1ndose de oficio las<a href=\"https:\/\/revistaesperanzas.com\/web\/2026\/03\/calles-amado-puyau-y-las-dalias\/whatsapp-image-2026-03-02-at-10-08-05\/\" rel=\"attachment wp-att-145777\"><img loading=\"lazy\" decoding=\"async\" class=\"wp-image-145777 alignleft\" src=\"https:\/\/revistaesperanzas.com\/web\/wp-content\/uploads\/2026\/03\/WhatsApp-Image-2026-03-02-at-10.08.05.jpeg\" alt=\"\" width=\"500\" height=\"281\" \/><\/a> correspondientes actuaciones administrativas por supuesta infracci\u00f3n al art\u00edculo 77\u00ba (peligro de incendio) del c\u00f3digo de faltas, dcto. ley n\u00ba 124\/01.<\/p>\n<p>Cabe recordar que, el gobierno provincial, a trav\u00e9s del ministerio de producci\u00f3n, pidi\u00f3 a la poblaci\u00f3n en general extremar los cuidados para evitar incendios de pastizales en todo el territorio correntino.<\/p>\n<p>Los j\u00f3venes demorados, fueron trasladados a la citada comisar\u00eda donde se prosigue con los tr\u00e1mites que corresponden.<\/p>\n","protected":false},"excerpt":{"rendered":"<p>DEMORAN A DOS SUJETOS POR PROVOCAR UN INCENDIO DE PASTIZALES En horas de la tarde de antes de ayer 28-02-26, efectivos policiales de la comisaria D\u00e9cimo S\u00e9ptima urbana, tomaron conocimiento que, en inmediaciones de calles Amado Puyau y las Dalias de esta ciudad, se estar\u00eda produciendo una quema de pastizales, situaci\u00f3n est\u00e1 que se encuentra [&hellip;]<\/p>\n","protected":false},"author":4,"featured_media":145775,"comment_status":"closed","ping_status":"closed","sticky":false,"template":"","format":"standard","meta":{"footnotes":""},"categories":[58],"tags":[],"class_list":{"0":"post-145774","1":"post","2":"type-post","3":"status-publish","4":"format-standard","5":"has-post-thumbnail","7":"category-corrientes"},"_links":{"self":[{"href":"https:\/\/revistaesperanzas.com\/web\/wp-json\/wp\/v2\/posts\/145774","targetHints":{"allow":["GET"]}}],"collection":[{"href":"https:\/\/revistaesperanzas.com\/web\/wp-json\/wp\/v2\/posts"}],"about":[{"href":"https:\/\/revistaesperanzas.com\/web\/wp-json\/wp\/v2\/types\/post"}],"author":[{"embeddable":true,"href":"https:\/\/revistaesperanzas.com\/web\/wp-json\/wp\/v2\/users\/4"}],"replies":[{"embeddable":true,"href":"https:\/\/revistaesperanzas.com\/web\/wp-json\/wp\/v2\/comments?post=145774"}],"version-history":[{"count":3,"href":"https:\/\/revistaesperanzas.com\/web\/wp-json\/wp\/v2\/posts\/145774\/revisions"}],"predecessor-version":[{"id":145780,"href":"https:\/\/revistaesperanzas.com\/web\/wp-json\/wp\/v2\/posts\/145774\/revisions\/145780"}],"wp:featuredmedia":[{"embeddable":true,"href":"https:\/\/revistaesperanzas.com\/web\/wp-json\/wp\/v2\/media\/145775"}],"wp:attachment":[{"href":"https:\/\/revistaesperanzas.com\/web\/wp-json\/wp\/v2\/media?parent=145774"}],"wp:term":[{"taxonomy":"category","embeddable":true,"href":"https:\/\/revistaesperanzas.com\/web\/wp-json\/wp\/v2\/categories?post=145774"},{"taxonomy":"post_tag","embeddable":true,"href":"https:\/\/revistaesperanzas.com\/web\/wp-json\/wp\/v2\/tags?post=145774"}],"curies":[{"name":"wp","href":"https:\/\/api.w.org\/{rel}","templated":true}]}}