{"id":145789,"date":"2026-03-02T22:30:21","date_gmt":"2026-03-03T01:30:21","guid":{"rendered":"https:\/\/revistaesperanzas.com\/web\/?p=145789"},"modified":"2026-03-02T22:30:21","modified_gmt":"2026-03-03T01:30:21","slug":"unapersona-demorada-una-bicicleta-recuperada-el-domingo-a-las-2230-hs","status":"publish","type":"post","link":"https:\/\/revistaesperanzas.com\/web\/2026\/03\/unapersona-demorada-una-bicicleta-recuperada-el-domingo-a-las-2230-hs\/","title":{"rendered":"UNAPERSONA DEMORADA, UNA BICICLETA RECUPERADA EL DOMINGO A LAS 22,30 HS."},"content":{"rendered":"<p>GENERAL PAZ\u00a0 &#8211;\u00a0 La Polic\u00eda recupero una bicicleta aparentemente sustra\u00edda y demoro a un hombre que ser\u00eda el presunto autor del hecho.<\/p>\n<p>En la noche del pasado 28-02-26, alrededor de las 22:30 horas, efectivos policiales de la Comisaria de Distrito General Paz en relaci\u00f3n a un hecho delictivo ocurrido con la colaboraci\u00f3n de la Unidad Fiscal interviniente, tras un eficaz accionar finalmente lograron recuperar una bicicleta y la demora del presunto autor del hecho.<\/p>\n<p>El procedimiento lo concretaron alrededor de las 22:20 horas, tras tomar conocimiento de la sustracci\u00f3n de una bicicleta que se encontraba en la vereda de su domicilio, por lo que de forma inmediata los mencionados efectivos iniciaron tareas investigativas con amplios rastrillajes por zonas aleda\u00f1as, logrando as\u00ed localizar y demorar a un hombre de 47 a\u00f1os de edad, quien ten\u00eda en su poder la bicicleta que habr\u00eda sido denunciada como sustra\u00edda, por lo que se procedi\u00f3 a su secuestro bajo las formalidades legales correspondientes.<\/p>\n<p>Al respecto, el demorado junto al rodado fue trasladado a la dependencia policial, continu\u00e1ndose con los tr\u00e1mites de rigor.<\/p>\n","protected":false},"excerpt":{"rendered":"<p>GENERAL PAZ\u00a0 &#8211;\u00a0 La Polic\u00eda recupero una bicicleta aparentemente sustra\u00edda y demoro a un hombre que ser\u00eda el presunto autor del hecho. En la noche del pasado 28-02-26, alrededor de las 22:30 horas, efectivos policiales de la Comisaria de Distrito General Paz en relaci\u00f3n a un hecho delictivo ocurrido con la colaboraci\u00f3n de la Unidad [&hellip;]<\/p>\n","protected":false},"author":4,"featured_media":145376,"comment_status":"closed","ping_status":"closed","sticky":false,"template":"","format":"standard","meta":{"footnotes":""},"categories":[58],"tags":[],"class_list":{"0":"post-145789","1":"post","2":"type-post","3":"status-publish","4":"format-standard","5":"has-post-thumbnail","7":"category-corrientes"},"_links":{"self":[{"href":"https:\/\/revistaesperanzas.com\/web\/wp-json\/wp\/v2\/posts\/145789","targetHints":{"allow":["GET"]}}],"collection":[{"href":"https:\/\/revistaesperanzas.com\/web\/wp-json\/wp\/v2\/posts"}],"about":[{"href":"https:\/\/revistaesperanzas.com\/web\/wp-json\/wp\/v2\/types\/post"}],"author":[{"embeddable":true,"href":"https:\/\/revistaesperanzas.com\/web\/wp-json\/wp\/v2\/users\/4"}],"replies":[{"embeddable":true,"href":"https:\/\/revistaesperanzas.com\/web\/wp-json\/wp\/v2\/comments?post=145789"}],"version-history":[{"count":1,"href":"https:\/\/revistaesperanzas.com\/web\/wp-json\/wp\/v2\/posts\/145789\/revisions"}],"predecessor-version":[{"id":145790,"href":"https:\/\/revistaesperanzas.com\/web\/wp-json\/wp\/v2\/posts\/145789\/revisions\/145790"}],"wp:featuredmedia":[{"embeddable":true,"href":"https:\/\/revistaesperanzas.com\/web\/wp-json\/wp\/v2\/media\/145376"}],"wp:attachment":[{"href":"https:\/\/revistaesperanzas.com\/web\/wp-json\/wp\/v2\/media?parent=145789"}],"wp:term":[{"taxonomy":"category","embeddable":true,"href":"https:\/\/revistaesperanzas.com\/web\/wp-json\/wp\/v2\/categories?post=145789"},{"taxonomy":"post_tag","embeddable":true,"href":"https:\/\/revistaesperanzas.com\/web\/wp-json\/wp\/v2\/tags?post=145789"}],"curies":[{"name":"wp","href":"https:\/\/api.w.org\/{rel}","templated":true}]}}