{"id":145791,"date":"2026-03-02T22:32:25","date_gmt":"2026-03-03T01:32:25","guid":{"rendered":"https:\/\/revistaesperanzas.com\/web\/?p=145791"},"modified":"2026-03-02T22:32:25","modified_gmt":"2026-03-03T01:32:25","slug":"policia-recupera-una-moto-denunciada-como-robada","status":"publish","type":"post","link":"https:\/\/revistaesperanzas.com\/web\/2026\/03\/policia-recupera-una-moto-denunciada-como-robada\/","title":{"rendered":"POLICIA RECUPERA UNA MOTO DENUNCIADA COMO ROBADA"},"content":{"rendered":"<p>ITUZAINGO\u00a0 &#8211;\u00a0 La Polic\u00eda recupero una motocicleta que fuera denunciada como sustra\u00edda<\/p>\n<p>Efectivos policiales de la Comisaria de Distritito Tercera de Ituzaing\u00f3, en el marco un legajo judicial que se encuentra en tr\u00e1mite con la colaboraci\u00f3n de la Unidad Fiscal interviniente, lograron recuperar una motocicleta denunciada como sustra\u00edda.<\/p>\n<p>Dicho procedimiento, lo concretaron tras tomar conocimiento de la sustracci\u00f3n de una motocicleta -marca Gillera, modelo Smash 110c.c-, por lo que los mencionados efectivos procedieron a realizar diferentes tareas investigativas con amplios patrullajes por zonas aleda\u00f1as, logrando por calles Urquiza y Catamarca del barrio San Francisco de la mencionada ciudad, hallar y recuperar el rodado sustra\u00eddo, secuestrandose bajo las formalidades legales correspondientes.<\/p>\n<p>Por tal motivo, la motocicleta fue trasladada a la citada dependencia policial donde se contin\u00faan con los tramites de rigor, con conocimiento de las autoridades competentes.<\/p>\n","protected":false},"excerpt":{"rendered":"<p>ITUZAINGO\u00a0 &#8211;\u00a0 La Polic\u00eda recupero una motocicleta que fuera denunciada como sustra\u00edda Efectivos policiales de la Comisaria de Distritito Tercera de Ituzaing\u00f3, en el marco un legajo judicial que se encuentra en tr\u00e1mite con la colaboraci\u00f3n de la Unidad Fiscal interviniente, lograron recuperar una motocicleta denunciada como sustra\u00edda. Dicho procedimiento, lo concretaron tras tomar conocimiento [&hellip;]<\/p>\n","protected":false},"author":4,"featured_media":143814,"comment_status":"closed","ping_status":"closed","sticky":false,"template":"","format":"standard","meta":{"footnotes":""},"categories":[1],"tags":[],"class_list":{"0":"post-145791","1":"post","2":"type-post","3":"status-publish","4":"format-standard","5":"has-post-thumbnail","7":"category-sin-categoria"},"_links":{"self":[{"href":"https:\/\/revistaesperanzas.com\/web\/wp-json\/wp\/v2\/posts\/145791","targetHints":{"allow":["GET"]}}],"collection":[{"href":"https:\/\/revistaesperanzas.com\/web\/wp-json\/wp\/v2\/posts"}],"about":[{"href":"https:\/\/revistaesperanzas.com\/web\/wp-json\/wp\/v2\/types\/post"}],"author":[{"embeddable":true,"href":"https:\/\/revistaesperanzas.com\/web\/wp-json\/wp\/v2\/users\/4"}],"replies":[{"embeddable":true,"href":"https:\/\/revistaesperanzas.com\/web\/wp-json\/wp\/v2\/comments?post=145791"}],"version-history":[{"count":1,"href":"https:\/\/revistaesperanzas.com\/web\/wp-json\/wp\/v2\/posts\/145791\/revisions"}],"predecessor-version":[{"id":145792,"href":"https:\/\/revistaesperanzas.com\/web\/wp-json\/wp\/v2\/posts\/145791\/revisions\/145792"}],"wp:featuredmedia":[{"embeddable":true,"href":"https:\/\/revistaesperanzas.com\/web\/wp-json\/wp\/v2\/media\/143814"}],"wp:attachment":[{"href":"https:\/\/revistaesperanzas.com\/web\/wp-json\/wp\/v2\/media?parent=145791"}],"wp:term":[{"taxonomy":"category","embeddable":true,"href":"https:\/\/revistaesperanzas.com\/web\/wp-json\/wp\/v2\/categories?post=145791"},{"taxonomy":"post_tag","embeddable":true,"href":"https:\/\/revistaesperanzas.com\/web\/wp-json\/wp\/v2\/tags?post=145791"}],"curies":[{"name":"wp","href":"https:\/\/api.w.org\/{rel}","templated":true}]}}