{"id":145793,"date":"2026-03-02T22:34:21","date_gmt":"2026-03-03T01:34:21","guid":{"rendered":"https:\/\/revistaesperanzas.com\/web\/?p=145793"},"modified":"2026-03-02T22:36:11","modified_gmt":"2026-03-03T01:36:11","slug":"145793","status":"publish","type":"post","link":"https:\/\/revistaesperanzas.com\/web\/2026\/03\/145793\/","title":{"rendered":"SALUDO ESPECIAL A LOS OFICIALES  DE LA POLICIA DE CORRIENTES EN SU 25\u00ba ANIVERSARIO"},"content":{"rendered":"<p>JEFATURA DE POLIC\u00cdA\u00a0 &#8211;\u00a0 Saludo especial por el 25\u00ba Aniversario de la 33\u00ba Promoci\u00f3n de Oficiales de Polic\u00eda de Corrientes<\/p>\n<p>Ayer, 01 de marzo, se conmemor\u00f3 el 25\u00ba Aniversario de la 33\u00ba Promoci\u00f3n de Oficiales de la Polic\u00eda de Corrientes, fecha significativa que evoca el compromiso asumido por quienes integran dicha promoci\u00f3n, desde su egreso y hasta la actualidad.<\/p>\n<p>Por tal motivo, desde el Ministerio de Seguridad y la Jefatura de Polic\u00eda, hacen llegar un afectuoso y respetuoso saludo a todos los que integran esta promoci\u00f3n, destacando con especial reconocimiento la vocaci\u00f3n, entrega y profesionalismo que cada uno demuestra diariamente en el cumplimiento de sus funciones, contribuyendo al mantenimiento del orden p\u00fablico, la seguridad ciudadana y la protecci\u00f3n de los derechos de todos los correntinos.<\/p>\n<p>En este nuevo aniversario, se pone de relieve el honor del servicio, la constancia y la dedicaci\u00f3n que han caracterizado el desempe\u00f1o de esta promoci\u00f3n a lo largo de estos 25 a\u00f1os, renovando el compromiso institucional de acompa\u00f1ar y fortalecer la labor que desarrollan en toda la provincia.<\/p>\n","protected":false},"excerpt":{"rendered":"<p>JEFATURA DE POLIC\u00cdA\u00a0 &#8211;\u00a0 Saludo especial por el 25\u00ba Aniversario de la 33\u00ba Promoci\u00f3n de Oficiales de Polic\u00eda de Corrientes Ayer, 01 de marzo, se conmemor\u00f3 el 25\u00ba Aniversario de la 33\u00ba Promoci\u00f3n de Oficiales de la Polic\u00eda de Corrientes, fecha significativa que evoca el compromiso asumido por quienes integran dicha promoci\u00f3n, desde su egreso [&hellip;]<\/p>\n","protected":false},"author":4,"featured_media":145794,"comment_status":"closed","ping_status":"closed","sticky":false,"template":"","format":"standard","meta":{"footnotes":""},"categories":[58],"tags":[],"class_list":{"0":"post-145793","1":"post","2":"type-post","3":"status-publish","4":"format-standard","5":"has-post-thumbnail","7":"category-corrientes"},"_links":{"self":[{"href":"https:\/\/revistaesperanzas.com\/web\/wp-json\/wp\/v2\/posts\/145793","targetHints":{"allow":["GET"]}}],"collection":[{"href":"https:\/\/revistaesperanzas.com\/web\/wp-json\/wp\/v2\/posts"}],"about":[{"href":"https:\/\/revistaesperanzas.com\/web\/wp-json\/wp\/v2\/types\/post"}],"author":[{"embeddable":true,"href":"https:\/\/revistaesperanzas.com\/web\/wp-json\/wp\/v2\/users\/4"}],"replies":[{"embeddable":true,"href":"https:\/\/revistaesperanzas.com\/web\/wp-json\/wp\/v2\/comments?post=145793"}],"version-history":[{"count":2,"href":"https:\/\/revistaesperanzas.com\/web\/wp-json\/wp\/v2\/posts\/145793\/revisions"}],"predecessor-version":[{"id":145797,"href":"https:\/\/revistaesperanzas.com\/web\/wp-json\/wp\/v2\/posts\/145793\/revisions\/145797"}],"wp:featuredmedia":[{"embeddable":true,"href":"https:\/\/revistaesperanzas.com\/web\/wp-json\/wp\/v2\/media\/145794"}],"wp:attachment":[{"href":"https:\/\/revistaesperanzas.com\/web\/wp-json\/wp\/v2\/media?parent=145793"}],"wp:term":[{"taxonomy":"category","embeddable":true,"href":"https:\/\/revistaesperanzas.com\/web\/wp-json\/wp\/v2\/categories?post=145793"},{"taxonomy":"post_tag","embeddable":true,"href":"https:\/\/revistaesperanzas.com\/web\/wp-json\/wp\/v2\/tags?post=145793"}],"curies":[{"name":"wp","href":"https:\/\/api.w.org\/{rel}","templated":true}]}}