{"id":145809,"date":"2026-03-02T22:50:30","date_gmt":"2026-03-03T01:50:30","guid":{"rendered":"https:\/\/revistaesperanzas.com\/web\/?p=145809"},"modified":"2026-03-02T22:50:30","modified_gmt":"2026-03-03T01:50:30","slug":"calle-cuba","status":"publish","type":"post","link":"https:\/\/revistaesperanzas.com\/web\/2026\/03\/calle-cuba\/","title":{"rendered":"CALLE CUBA"},"content":{"rendered":"<p>Siniestro vial con consecuencia fatal (informaci\u00f3n inicial)<\/p>\n<p>Efectivos policiales dependientes de la Comisaria D\u00e9cimo Tercera urbana, tomaron conocimiento en horas de la tarde de hoy 02-03-26, sobre un siniestro vial, registrado por Calles Cuba entre S. de Bustamante y Groussac, donde por causas y circunstancias que se tratan de establecer colisionaron una motocicleta y un autom\u00f3vil, dejando como resultado el deceso de un joven mayor de edad.<\/p>\n<p>Seg\u00fan la informaci\u00f3n inicial obtenida, el hecho se habr\u00eda registrado alrededor de las 16:30 horas y tuvo como protagonista a una motocicleta -marca Honda Twister- la cual era conducida por un joven de 20 a\u00f1os de edad, y un autom\u00f3vil -marca Fiat Palio- el cual fue localizado m\u00e1s adelante sin ocupantes.<\/p>\n<p>A consecuencia del siniestro, el conductor del rodado menor lamentablemente falleci\u00f3 en el lugar; por el hecho, en el lugar se llevaron a cabo las diligencias del caso, en tanto que en la citada dependencia se contin\u00faan con los tramites al respecto.<\/p>\n","protected":false},"excerpt":{"rendered":"<p>Siniestro vial con consecuencia fatal (informaci\u00f3n inicial) Efectivos policiales dependientes de la Comisaria D\u00e9cimo Tercera urbana, tomaron conocimiento en horas de la tarde de hoy 02-03-26, sobre un siniestro vial, registrado por Calles Cuba entre S. de Bustamante y Groussac, donde por causas y circunstancias que se tratan de establecer colisionaron una motocicleta y un [&hellip;]<\/p>\n","protected":false},"author":4,"featured_media":145810,"comment_status":"closed","ping_status":"closed","sticky":false,"template":"","format":"standard","meta":{"footnotes":""},"categories":[58],"tags":[],"class_list":{"0":"post-145809","1":"post","2":"type-post","3":"status-publish","4":"format-standard","5":"has-post-thumbnail","7":"category-corrientes"},"_links":{"self":[{"href":"https:\/\/revistaesperanzas.com\/web\/wp-json\/wp\/v2\/posts\/145809","targetHints":{"allow":["GET"]}}],"collection":[{"href":"https:\/\/revistaesperanzas.com\/web\/wp-json\/wp\/v2\/posts"}],"about":[{"href":"https:\/\/revistaesperanzas.com\/web\/wp-json\/wp\/v2\/types\/post"}],"author":[{"embeddable":true,"href":"https:\/\/revistaesperanzas.com\/web\/wp-json\/wp\/v2\/users\/4"}],"replies":[{"embeddable":true,"href":"https:\/\/revistaesperanzas.com\/web\/wp-json\/wp\/v2\/comments?post=145809"}],"version-history":[{"count":1,"href":"https:\/\/revistaesperanzas.com\/web\/wp-json\/wp\/v2\/posts\/145809\/revisions"}],"predecessor-version":[{"id":145811,"href":"https:\/\/revistaesperanzas.com\/web\/wp-json\/wp\/v2\/posts\/145809\/revisions\/145811"}],"wp:featuredmedia":[{"embeddable":true,"href":"https:\/\/revistaesperanzas.com\/web\/wp-json\/wp\/v2\/media\/145810"}],"wp:attachment":[{"href":"https:\/\/revistaesperanzas.com\/web\/wp-json\/wp\/v2\/media?parent=145809"}],"wp:term":[{"taxonomy":"category","embeddable":true,"href":"https:\/\/revistaesperanzas.com\/web\/wp-json\/wp\/v2\/categories?post=145809"},{"taxonomy":"post_tag","embeddable":true,"href":"https:\/\/revistaesperanzas.com\/web\/wp-json\/wp\/v2\/tags?post=145809"}],"curies":[{"name":"wp","href":"https:\/\/api.w.org\/{rel}","templated":true}]}}