{"id":145829,"date":"2026-03-03T19:51:07","date_gmt":"2026-03-03T22:51:07","guid":{"rendered":"https:\/\/revistaesperanzas.com\/web\/?p=145829"},"modified":"2026-03-03T19:51:07","modified_gmt":"2026-03-03T22:51:07","slug":"se-invevstiga-las-causas-y-el-como-un-hombre-mayor-de-edad-habria-sido-electrocutado","status":"publish","type":"post","link":"https:\/\/revistaesperanzas.com\/web\/2026\/03\/se-invevstiga-las-causas-y-el-como-un-hombre-mayor-de-edad-habria-sido-electrocutado\/","title":{"rendered":"SE INVEVSTIGA LAS CAUSAS Y EL COMO UN HOMBRE MAYOR DE EDAD HABR\u00cdA SIDO ELECTROCUTADO"},"content":{"rendered":"<p>SANTA LUCIA (INFORMACION INICIAL)\u00a0 &#8211; &#8211; Investigan las causas y circunstancias de la muerte de un hombre, supuestamente tras ser alcanzado por una descarga el\u00e9ctrica.<\/p>\n<p>Seg\u00fan las primeras averiguaciones efectuadas y la informaci\u00f3n preliminar obtenida, en horas de la tarde de ayer 02-03-26, efectivos policiales de la Comisaria de Distrito Santa Luc\u00eda, tomaron conocimiento que, en una obra en construcci\u00f3n ubicada en inmediaciones de calle Cazadores Correntinos \u2013 Villa C\u00f3rdoba, de esa ciudad, un hombre aparentemente habr\u00eda recibido una descarga el\u00e9ctrica, lo cual lamentablemente le produjo su deceso.<\/p>\n<p>Por tal motivo, inmediatamente los Polic\u00edas se dirigieron al lugar, donde junto al Personal m\u00e9dico, constataron que una persona se hallaba sin vida, trat\u00e1ndose de un hombre -mayor de edad-, quien, conforme a las primeras averiguaciones, en momentos en que realizaba trabajo de construcci\u00f3n aparentemente al mantener contacto una maquina hormigonera, habr\u00eda recibido una descarga el\u00e9ctrica.<\/p>\n<p>Ante tal situaci\u00f3n, se dio intervenci\u00f3n a la unidad fiscal en turno y tras el examen medio legal pertinente; que determino que el deceso, se habr\u00eda producido por electrocuci\u00f3n; fue entregado a sus familiares para las exequias correspondientes.<br \/>\nAl respecto, se efectuaron las diligencias y tramites de rigor pertinentes; desconoci\u00e9ndose m\u00e1s detalles y pormenores que rodearon a este hecho.<\/p>\n","protected":false},"excerpt":{"rendered":"<p>SANTA LUCIA (INFORMACION INICIAL)\u00a0 &#8211; &#8211; Investigan las causas y circunstancias de la muerte de un hombre, supuestamente tras ser alcanzado por una descarga el\u00e9ctrica. Seg\u00fan las primeras averiguaciones efectuadas y la informaci\u00f3n preliminar obtenida, en horas de la tarde de ayer 02-03-26, efectivos policiales de la Comisaria de Distrito Santa Luc\u00eda, tomaron conocimiento que, [&hellip;]<\/p>\n","protected":false},"author":4,"featured_media":145830,"comment_status":"closed","ping_status":"closed","sticky":false,"template":"","format":"standard","meta":{"footnotes":""},"categories":[58],"tags":[],"class_list":{"0":"post-145829","1":"post","2":"type-post","3":"status-publish","4":"format-standard","5":"has-post-thumbnail","7":"category-corrientes"},"_links":{"self":[{"href":"https:\/\/revistaesperanzas.com\/web\/wp-json\/wp\/v2\/posts\/145829","targetHints":{"allow":["GET"]}}],"collection":[{"href":"https:\/\/revistaesperanzas.com\/web\/wp-json\/wp\/v2\/posts"}],"about":[{"href":"https:\/\/revistaesperanzas.com\/web\/wp-json\/wp\/v2\/types\/post"}],"author":[{"embeddable":true,"href":"https:\/\/revistaesperanzas.com\/web\/wp-json\/wp\/v2\/users\/4"}],"replies":[{"embeddable":true,"href":"https:\/\/revistaesperanzas.com\/web\/wp-json\/wp\/v2\/comments?post=145829"}],"version-history":[{"count":1,"href":"https:\/\/revistaesperanzas.com\/web\/wp-json\/wp\/v2\/posts\/145829\/revisions"}],"predecessor-version":[{"id":145831,"href":"https:\/\/revistaesperanzas.com\/web\/wp-json\/wp\/v2\/posts\/145829\/revisions\/145831"}],"wp:featuredmedia":[{"embeddable":true,"href":"https:\/\/revistaesperanzas.com\/web\/wp-json\/wp\/v2\/media\/145830"}],"wp:attachment":[{"href":"https:\/\/revistaesperanzas.com\/web\/wp-json\/wp\/v2\/media?parent=145829"}],"wp:term":[{"taxonomy":"category","embeddable":true,"href":"https:\/\/revistaesperanzas.com\/web\/wp-json\/wp\/v2\/categories?post=145829"},{"taxonomy":"post_tag","embeddable":true,"href":"https:\/\/revistaesperanzas.com\/web\/wp-json\/wp\/v2\/tags?post=145829"}],"curies":[{"name":"wp","href":"https:\/\/api.w.org\/{rel}","templated":true}]}}