{"id":145832,"date":"2026-03-03T19:55:26","date_gmt":"2026-03-03T22:55:26","guid":{"rendered":"https:\/\/revistaesperanzas.com\/web\/?p=145832"},"modified":"2026-03-03T19:55:26","modified_gmt":"2026-03-03T22:55:26","slug":"evadido-recapturado","status":"publish","type":"post","link":"https:\/\/revistaesperanzas.com\/web\/2026\/03\/evadido-recapturado\/","title":{"rendered":"EVADIDO RECAPTURADO"},"content":{"rendered":"<p>En horas de la ma\u00f1ana de hoy 03-03-26, tras un intenso despliegue de b\u00fasqueda y rastrillaje efectuado por la Polic\u00eda de Corrientes para dar con el evadido de la comisar\u00eda d\u00e9cimo sexta.<\/p>\n<p>Luego de una ardua tarea y mediante trabajos investigativos desplegados, una comisi\u00f3n de dicha comisar\u00eda y tras seguimiento, logr\u00f3 localizarlo en la capital de la provincia del Chaco.<\/p>\n<p>Cuando se encontraban en persecuci\u00f3n del mismo en inmediaciones a una plaza, finalmente y con la ayuda de motoristas de la Polic\u00eda del Chaco, lograron aprehenderlo y recapturarlo, para luego ser trasladado hacia Corrientes Capital.<\/p>\n<p>Cabe se\u00f1alar que el evadido es de apellido Sena y fue nuevamente puesto a disposici\u00f3n de la justicia.<\/p>\n","protected":false},"excerpt":{"rendered":"<p>En horas de la ma\u00f1ana de hoy 03-03-26, tras un intenso despliegue de b\u00fasqueda y rastrillaje efectuado por la Polic\u00eda de Corrientes para dar con el evadido de la comisar\u00eda d\u00e9cimo sexta. Luego de una ardua tarea y mediante trabajos investigativos desplegados, una comisi\u00f3n de dicha comisar\u00eda y tras seguimiento, logr\u00f3 localizarlo en la capital [&hellip;]<\/p>\n","protected":false},"author":4,"featured_media":145833,"comment_status":"closed","ping_status":"closed","sticky":false,"template":"","format":"standard","meta":{"footnotes":""},"categories":[58],"tags":[],"class_list":{"0":"post-145832","1":"post","2":"type-post","3":"status-publish","4":"format-standard","5":"has-post-thumbnail","7":"category-corrientes"},"_links":{"self":[{"href":"https:\/\/revistaesperanzas.com\/web\/wp-json\/wp\/v2\/posts\/145832","targetHints":{"allow":["GET"]}}],"collection":[{"href":"https:\/\/revistaesperanzas.com\/web\/wp-json\/wp\/v2\/posts"}],"about":[{"href":"https:\/\/revistaesperanzas.com\/web\/wp-json\/wp\/v2\/types\/post"}],"author":[{"embeddable":true,"href":"https:\/\/revistaesperanzas.com\/web\/wp-json\/wp\/v2\/users\/4"}],"replies":[{"embeddable":true,"href":"https:\/\/revistaesperanzas.com\/web\/wp-json\/wp\/v2\/comments?post=145832"}],"version-history":[{"count":1,"href":"https:\/\/revistaesperanzas.com\/web\/wp-json\/wp\/v2\/posts\/145832\/revisions"}],"predecessor-version":[{"id":145834,"href":"https:\/\/revistaesperanzas.com\/web\/wp-json\/wp\/v2\/posts\/145832\/revisions\/145834"}],"wp:featuredmedia":[{"embeddable":true,"href":"https:\/\/revistaesperanzas.com\/web\/wp-json\/wp\/v2\/media\/145833"}],"wp:attachment":[{"href":"https:\/\/revistaesperanzas.com\/web\/wp-json\/wp\/v2\/media?parent=145832"}],"wp:term":[{"taxonomy":"category","embeddable":true,"href":"https:\/\/revistaesperanzas.com\/web\/wp-json\/wp\/v2\/categories?post=145832"},{"taxonomy":"post_tag","embeddable":true,"href":"https:\/\/revistaesperanzas.com\/web\/wp-json\/wp\/v2\/tags?post=145832"}],"curies":[{"name":"wp","href":"https:\/\/api.w.org\/{rel}","templated":true}]}}