{"id":145837,"date":"2026-03-03T20:13:00","date_gmt":"2026-03-03T23:13:00","guid":{"rendered":"https:\/\/revistaesperanzas.com\/web\/?p=145837"},"modified":"2026-03-03T20:13:00","modified_gmt":"2026-03-03T23:13:00","slug":"el-partido-autonomista-de-goya-eligio-presidente","status":"publish","type":"post","link":"https:\/\/revistaesperanzas.com\/web\/2026\/03\/el-partido-autonomista-de-goya-eligio-presidente\/","title":{"rendered":"EL PARTIDO AUTONOMISTA DE GOYA ELIGI\u00d3 PRESIDENTE"},"content":{"rendered":"<p style=\"font-weight: 400;\">El s\u00e1bado \u00faltimo se reunieron en su sede de calle Jos\u00e9 G\u00f3mez 761 de la ciudad de Goya, los miembros del Comit\u00e9 Departamental del centenario Partido Autonomista.<\/p>\n<p style=\"font-weight: 400;\">En la oportunidad, por mandato partidario se eligi\u00f3 Presidente resultando electo por unanimidad de los miembros integrantes presentes, el Contador Gustavo Berbere, quien se har\u00e1 cargo hasta la finalizaci\u00f3n de la pr\u00f3rroga de mandatos que finalizar\u00e1 el mes de agosto del presente a\u00f1o.<a href=\"https:\/\/revistaesperanzas.com\/web\/2026\/03\/el-partido-autonomista-de-goya-eligio-presidente\/partido-autonmista-1\/\" rel=\"attachment wp-att-145839\"><img loading=\"lazy\" decoding=\"async\" class=\" wp-image-145839 alignleft\" src=\"https:\/\/revistaesperanzas.com\/web\/wp-content\/uploads\/2026\/03\/PARTIDO-AUTONMISTA-1.png\" alt=\"\" width=\"550\" height=\"550\" srcset=\"https:\/\/revistaesperanzas.com\/web\/wp-content\/uploads\/2026\/03\/PARTIDO-AUTONMISTA-1.png 600w, https:\/\/revistaesperanzas.com\/web\/wp-content\/uploads\/2026\/03\/PARTIDO-AUTONMISTA-1-420x420.png 420w\" sizes=\"auto, (max-width: 550px) 100vw, 550px\" \/><\/a><\/p>\n<p style=\"font-weight: 400;\">Tras una extensa disputa legal que se extendi\u00f3 por casi dos a\u00f1os, la conducci\u00f3n provincial presidida por la hoy senadora provincial, Silvia Galarza, pudo obtener el fallo favorable de la justicia federal a mediados del a\u00f1o pasado, al determinar la legalidad de la actual conducci\u00f3n y por ende se decidi\u00f3 la pr\u00f3rroga de los mandatos departamentales en la \u00faltima convenci\u00f3n partidaria llevada a cabo a mediados del 2025 y se extender\u00e1 hasta el mes de agosto.<img loading=\"lazy\" decoding=\"async\" class=\"alignleft\" src=\"https:\/\/encrypted-tbn0.gstatic.com\/images?q=tbn:ANd9GcQUzsIRq-G0HMnsGi6LriDM38M7fVlDdtr_dw&amp;s\" alt=\"Gustavo Berbere (@gustavoberbereoficial) \u2022 Facebook\" width=\"416\" height=\"519\" \/><\/p>\n<p style=\"font-weight: 400;\">En el caso del Comit\u00e9 Departamental de Goya, para cubrir la presidencia del autonomismo goyano, el s\u00e1bado 28 de febrero se reunieron en la casa partidaria los dirigentes que conforman la conducci\u00f3n partidaria, quienes son los integrantes de la actual mesa directiva.<\/p>\n<p style=\"font-weight: 400;\">Ante la necesidad de elegir el cargo de presidente para cumplir con el mandato emanado de la carta org\u00e1nica partidaria se procedi\u00f3 a designar al Contador y profesor Gustavo Berbere como presidente del partido.<\/p>\n<p style=\"font-weight: 400;\">Gustavo Berbere, quien actualmente se desempe\u00f1a como integrante del gabinete del Gobernador Juan Pablo Vald\u00e9s en el Ministerio de Educaci\u00f3n, tendr\u00e1 la responsabilidad de conducir el partido junto al equipo de trabajo local con el compromiso de convocar a todos los autonomistas de Goya y trabajar con acciones concretas que marquen presencia entre sus afiliados y en la comunidad goyana.<\/p>\n","protected":false},"excerpt":{"rendered":"<p>El s\u00e1bado \u00faltimo se reunieron en su sede de calle Jos\u00e9 G\u00f3mez 761 de la ciudad de Goya, los miembros del Comit\u00e9 Departamental del centenario Partido Autonomista. En la oportunidad, por mandato partidario se eligi\u00f3 Presidente resultando electo por unanimidad de los miembros integrantes presentes, el Contador Gustavo Berbere, quien se har\u00e1 cargo hasta la [&hellip;]<\/p>\n","protected":false},"author":4,"featured_media":145838,"comment_status":"closed","ping_status":"closed","sticky":false,"template":"","format":"standard","meta":{"footnotes":""},"categories":[45],"tags":[],"class_list":{"0":"post-145837","1":"post","2":"type-post","3":"status-publish","4":"format-standard","5":"has-post-thumbnail","7":"category-locales"},"_links":{"self":[{"href":"https:\/\/revistaesperanzas.com\/web\/wp-json\/wp\/v2\/posts\/145837","targetHints":{"allow":["GET"]}}],"collection":[{"href":"https:\/\/revistaesperanzas.com\/web\/wp-json\/wp\/v2\/posts"}],"about":[{"href":"https:\/\/revistaesperanzas.com\/web\/wp-json\/wp\/v2\/types\/post"}],"author":[{"embeddable":true,"href":"https:\/\/revistaesperanzas.com\/web\/wp-json\/wp\/v2\/users\/4"}],"replies":[{"embeddable":true,"href":"https:\/\/revistaesperanzas.com\/web\/wp-json\/wp\/v2\/comments?post=145837"}],"version-history":[{"count":2,"href":"https:\/\/revistaesperanzas.com\/web\/wp-json\/wp\/v2\/posts\/145837\/revisions"}],"predecessor-version":[{"id":145841,"href":"https:\/\/revistaesperanzas.com\/web\/wp-json\/wp\/v2\/posts\/145837\/revisions\/145841"}],"wp:featuredmedia":[{"embeddable":true,"href":"https:\/\/revistaesperanzas.com\/web\/wp-json\/wp\/v2\/media\/145838"}],"wp:attachment":[{"href":"https:\/\/revistaesperanzas.com\/web\/wp-json\/wp\/v2\/media?parent=145837"}],"wp:term":[{"taxonomy":"category","embeddable":true,"href":"https:\/\/revistaesperanzas.com\/web\/wp-json\/wp\/v2\/categories?post=145837"},{"taxonomy":"post_tag","embeddable":true,"href":"https:\/\/revistaesperanzas.com\/web\/wp-json\/wp\/v2\/tags?post=145837"}],"curies":[{"name":"wp","href":"https:\/\/api.w.org\/{rel}","templated":true}]}}