{"id":145842,"date":"2026-03-03T20:17:31","date_gmt":"2026-03-03T23:17:31","guid":{"rendered":"https:\/\/revistaesperanzas.com\/web\/?p=145842"},"modified":"2026-03-03T20:17:31","modified_gmt":"2026-03-03T23:17:31","slug":"con-14-anos-de-historia-y-una-conexion-unica-la-cubana-hizo-vibrar-la-costanera-norte-en-el-goya-cumbia","status":"publish","type":"post","link":"https:\/\/revistaesperanzas.com\/web\/2026\/03\/con-14-anos-de-historia-y-una-conexion-unica-la-cubana-hizo-vibrar-la-costanera-norte-en-el-goya-cumbia\/","title":{"rendered":"CON 14 A\u00d1OS DE HISTORIA Y UNA CONEXI\u00d3N \u00daNICA, LA CUBANA HIZO VIBRAR LA COSTANERA NORTE EN EL GOYA CUMBIA"},"content":{"rendered":"<p style=\"font-weight: 400;\">La noche del s\u00e1bado quedar\u00e1 en la memoria colectiva de los goyanos y de los turistas que colmaron la Costanera Norte para vivir una nueva edici\u00f3n del Goya Cumbia, el gran espect\u00e1culo impulsado por la Municipalidad de Goya que marc\u00f3 el cierre oficial de la temporada de verano en la ciudad.<\/p>\n<p style=\"font-weight: 400;\">Sobre el escenario montado en los adoquines de calle Pacho Balestra actuaron reconocidos grupos locales, pero el broche de oro estuvo a cargo de La Cubana, que volvi\u00f3 a demostrar por qu\u00e9 es una de las bandas m\u00e1s queridas de la regi\u00f3n.<\/p>\n<p style=\"font-weight: 400;\">Antes de subir a escena, los vocalistas Guillermo Dalaco y Lissandro Perrotta dialogaron en la transmisi\u00f3n oficial y compartieron sus sensaciones en la previa de ese gran cierre.<\/p>\n<p style=\"font-weight: 400;\">\u201cSiempre con la mejor onda y muy contentos de cerrar lo que es este ciclo de verano, en esta ciudad que es la nuestra, muy felices\u201d, expres\u00f3 Lissandro Perrotta.<a href=\"https:\/\/revistaesperanzas.com\/web\/2026\/03\/con-14-anos-de-historia-y-una-conexion-unica-la-cubana-hizo-vibrar-la-costanera-norte-en-el-goya-cumbia\/whatsapp-image-2026-03-03-at-17-40-03-1\/\" rel=\"attachment wp-att-145844\"><img loading=\"lazy\" decoding=\"async\" class=\"alignnone  wp-image-145844\" src=\"https:\/\/revistaesperanzas.com\/web\/wp-content\/uploads\/2026\/03\/WhatsApp-Image-2026-03-03-at-17.40.03-1.jpeg\" alt=\"\" width=\"692\" height=\"473\" srcset=\"https:\/\/revistaesperanzas.com\/web\/wp-content\/uploads\/2026\/03\/WhatsApp-Image-2026-03-03-at-17.40.03-1.jpeg 600w, https:\/\/revistaesperanzas.com\/web\/wp-content\/uploads\/2026\/03\/WhatsApp-Image-2026-03-03-at-17.40.03-1-218x150.jpeg 218w\" sizes=\"auto, (max-width: 692px) 100vw, 692px\" \/><\/a><\/p>\n<p style=\"font-weight: 400;\">La presencia de La Cubana en el \u201cGoya Cumbia\u201d no es novedad. La banda ha sido protagonista en ediciones anteriores y mantiene un v\u00ednculo firme con el p\u00fablico local. En ese sentido, Lisandro remarc\u00f3: \u201cVenimos hace a\u00f1os participando este evento con la banda, felices de estar en nuestro pueblo, brindar lo mejor de nosotros, el mejor show y muy felices de la gente que nos viene acompa\u00f1ar siempre\u201d.<\/p>\n<p style=\"font-weight: 400;\">Al ser consultado por la trayectoria del grupo, no dud\u00f3 en se\u00f1alar con orgullo: \u201c14 a\u00f1os llevamos en la m\u00fasica\u201d.<\/p>\n<p style=\"font-weight: 400;\">Por su parte, Guillermo Dalaco destac\u00f3 la frecuencia con la que la banda se presenta en la ciudad: \u201cRealmente nos pone felices porque La Cubana son 3 veces que toca en el a\u00f1o en Goya en alg\u00fan evento libre\u201d.<\/p>\n<p style=\"font-weight: 400;\">Y agreg\u00f3: \u201cEstamos siempre presentes en la Fiesta del Surub\u00ed, cierre de temporada de verano hace 5 a\u00f1os que lo venimos haciendo y otros eventos privados donde la gente tambi\u00e9n concurre\u201d.<\/p>\n<p style=\"font-weight: 400;\">El l\u00edder de la banda tambi\u00e9n puso en palabras lo que significa tocar ante su gente: \u201cSiempre decimos que es una energ\u00eda especial, tenemos la posibilidad de recorrer toda la provincia de Corrientes, me atrevo a decir que el 99% de los festivales nacionales y provinciales hemos estado, pero en Goya se vive realmente algo incre\u00edble, otra energ\u00eda\u201d.<\/p>\n<p style=\"font-weight: 400;\">Con sinceridad, a\u00f1adi\u00f3: \u201cNo s\u00e9 si es porque nos sentimos que estamos en casa o la din\u00e1mica de la gente\u201d.<\/p>\n<p style=\"font-weight: 400;\">Y profundiz\u00f3 a\u00fan m\u00e1s ese sentimiento: \u201cVer todas las entrevistas los fines de semanas en T5, no se repite esto, es algo especial, el cari\u00f1o que tenemos por nuestro lugar\u201d.<\/p>\n<p style=\"font-weight: 400;\">Sobre el v\u00ednculo con el p\u00fablico, Dalaco sostuvo: \u201cNos sentimos contentos, percibimos que hay un ida y vuelta con la gente\u201d.<\/p>\n<p style=\"font-weight: 400;\">Y complet\u00f3: \u201cDespu\u00e9s cada artista sacar\u00e1 sus conclusiones, nos sentimos complacidos porque siempre vemos esto, el cari\u00f1o, amor y acompa\u00f1amiento de la gente\u201d.<\/p>\n<p style=\"font-weight: 400;\">Lisandro Perrotta, en la misma l\u00ednea, agreg\u00f3: \u201cSiempre felices, compartir lo nuestro con la gente\u201d.<\/p>\n<p style=\"font-weight: 400;\">M\u00e1s all\u00e1 de la trayectoria, la banda ha recorrido escenarios provinciales y nacionales, experiencia que tambi\u00e9n fue destacada por sus integrantes. Lisandro se\u00f1al\u00f3: \u201cTuvimos la oportunidad y el grato gusto de poder participar de muchas fiestas nacionales, provinciales, populares y locales\u201d.<\/p>\n<p style=\"font-weight: 400;\">Y subray\u00f3 con humildad: \u201cNo nos importa el t\u00edtulo de las fiestas sea nacional, provincial, municipal, nosotros vamos con gusto, siempre con respeto a cada una de las fiestas que nos convocan\u201d.<\/p>\n<p style=\"font-weight: 400;\">Finalmente, reafirm\u00f3 su gratitud: \u201cEstamos muy contentos que hoy nuestra ciudad nos vuelva a elegir para poder estar cerrando lo que es la temporada. Agradecidos m\u00e1s que nada\u201d.<a href=\"https:\/\/revistaesperanzas.com\/web\/2026\/03\/con-14-anos-de-historia-y-una-conexion-unica-la-cubana-hizo-vibrar-la-costanera-norte-en-el-goya-cumbia\/whatsapp-image-2026-03-03-at-17-40-03\/\" rel=\"attachment wp-att-145845\"><img loading=\"lazy\" decoding=\"async\" class=\" wp-image-145845 alignleft\" src=\"https:\/\/revistaesperanzas.com\/web\/wp-content\/uploads\/2026\/03\/WhatsApp-Image-2026-03-03-at-17.40.03.jpeg\" alt=\"\" width=\"692\" height=\"473\" srcset=\"https:\/\/revistaesperanzas.com\/web\/wp-content\/uploads\/2026\/03\/WhatsApp-Image-2026-03-03-at-17.40.03.jpeg 600w, https:\/\/revistaesperanzas.com\/web\/wp-content\/uploads\/2026\/03\/WhatsApp-Image-2026-03-03-at-17.40.03-218x150.jpeg 218w\" sizes=\"auto, (max-width: 692px) 100vw, 692px\" \/><\/a><\/p>\n<p style=\"font-weight: 400;\">En cuanto a la consolidaci\u00f3n interna del grupo, Perrotta explic\u00f3: \u201cNosotros conformamos hace un par de a\u00f1os la misma familia, venimos hace varios a\u00f1os con los mismos m\u00fasicos, estamos agradecidos por conformar una familia musical muy unida\u201d.<\/p>\n<p style=\"font-weight: 400;\">Y a\u00f1adi\u00f3: \u201cY eso queda demostrado cada vez que subimos al escenario, la calidez de persona que tenemos, no solamente en lo art\u00edstico sino en las personas que tenemos y estamos muy contentos\u201d.<\/p>\n<p style=\"font-weight: 400;\">Adem\u00e1s, resalt\u00f3 el rol de Dalaco: \u201cGuille que es el l\u00edder de la banda y el ojo cl\u00ednico que siempre est\u00e1 en los detalles y estamos muy contentos de hoy formar La Cubana que ya llevamos una trayectoria inmensa y siempre agradecidos a la gente\u201d.<\/p>\n<p style=\"font-weight: 400;\">La interacci\u00f3n con el p\u00fablico es una marca registrada del grupo. Consultado al respecto, Guillermo aclar\u00f3: \u201cNosotros lo tomamos con todo el cari\u00f1o para todas las personas, no solamente las mujeres\u201d.<\/p>\n<p style=\"font-weight: 400;\">Y explic\u00f3: \u201cS\u00ed es verdad que La Cubana tiene mayor p\u00fablico femenino, pero lo tomamos con mucho cari\u00f1o, respeto, amor y es algo profesional, un trabajo\u201d.<\/p>\n<p style=\"font-weight: 400;\">Finalmente, afirm\u00f3: \u201cSomos felices que las mujeres nos puedan elegir, tambi\u00e9n los hombres, es un show interactivo lo que hacemos, un ida y vuelta con la gente, hacemos m\u00fasica y creo que se transmite\u201d.<\/p>\n<p style=\"font-weight: 400;\">Dalaco tambi\u00e9n puso en valor el equipo humano detr\u00e1s del escenario: \u201cLa gente nos tiene m\u00e1s identificado a Lisa y a m\u00ed, pero La Cubana es una familia, venimos hace 14 a\u00f1os, no cambiamos muchos m\u00fasicos\u201d.<\/p>\n<p style=\"font-weight: 400;\">Lisandro Perrotta reforz\u00f3 esa idea: \u201cVenimos con esta misma cantidad de m\u00fasicos, inclusive lo que es la t\u00e9cnica -el detr\u00e1s de escena-, somos los mismos hace varios a\u00f1os y formamos una familia hermosa a nivel musical y personal\u201d.<\/p>\n<p style=\"font-weight: 400;\">AGRADECIMIENTO A LA PRENSA<\/p>\n<p style=\"font-weight: 400;\">En un tramo especialmente emotivo de la entrevista, Guillermo Dalaco dedic\u00f3 palabras de agradecimiento a los trabajadores de prensa: \u201cAgradecer a ustedes como son Noel, Andr\u00e9s, Machi Pedrozo, Alejandro, Gareca. Es tan importante su trabajo de comunicaci\u00f3n que hacen, que siempre lo recalco en las entrevistas\u201d.<\/p>\n<p style=\"font-weight: 400;\">Record\u00f3 adem\u00e1s experiencias en medios nacionales: \u201cTuvimos la oportunidad de estar en Punto de Encuentro de la TV P\u00fablica, con la gente de Am\u00e9rica, Canal 13 de Buenos Aires cuando hicimos una gira, pero es tan importante el trabajo de ustedes para nosotros porque son el nexo con la gente que no puede venir a presenciar nuestro show\u201d.<\/p>\n<p style=\"font-weight: 400;\">Y dimension\u00f3 el alcance de la comunicaci\u00f3n: \u201cAc\u00e1 en vivo nos pueden ver 10.000, 20.000, en la Fiesta del Surub\u00ed 50.000 personas, pero ustedes son los encargados de distribuir m\u00e1s que esa cantidad. Hoy que tengo la oportunidad, quiero decirles gracias a ustedes que son el nexo con la gente y agradecidos por su trabajo\u201d.<\/p>\n<p style=\"font-weight: 400;\">Incluso evoc\u00f3 un recuerdo particular: \u201cUstedes estuvieron transmitiendo los Carnavales no solo los de Goya sino tambi\u00e9n de otros lugares y nosotros estando de gira podemos ver en vivo desde el Bus su trabajo\u201d.<\/p>\n<p style=\"font-weight: 400;\">Y agreg\u00f3: \u201cDec\u00edamos que bueno que La Cubana a trav\u00e9s de las transmisiones podemos conectar con el carnaval, ver lo que pasa en nuestra ciudad y ustedes lo hacen desde un lugar de trabajo y a lo mejor sin darse cuenta que conectamos con cada uno de ustedes y su labor de comunicaci\u00f3n\u201d.<\/p>\n<p style=\"font-weight: 400;\">Concluy\u00f3 ese tramo diciendo: \u201cNo quer\u00eda dejar pasar la oportunidad para agradecerles ese trabajo que hacen\u201d.<\/p>\n<p style=\"font-weight: 400;\">La Cubana, integrada por 17 personas, volvi\u00f3 a poner en escena un espect\u00e1culo vibrante, donde la m\u00fasica, la interacci\u00f3n y la energ\u00eda compartida sellaron una noche inolvidable.<\/p>\n<p style=\"font-weight: 400;\">Para cerrar, Guillermo Dalaco reflexion\u00f3 sobre el respaldo institucional recibido: \u201cEsta gesti\u00f3n de Goya y a nivel provincial nos dio much\u00edsimo a nosotros porque confi\u00f3 en La Cubana en los primeros pasos y hoy estamos en este sue\u00f1o presente y todos los fines de semana es un sue\u00f1o que estamos cumpliendo\u201d.<\/p>\n<p style=\"font-weight: 400;\">Lisandro, por su parte, concluy\u00f3 con emoci\u00f3n: \u201cPoder hacer lo que nos gusta, estamos muy felices de tener la continuidad con La Cubana y poder compartirlos con todos ustedes\u201d.<\/p>\n<p style=\"font-weight: 400;\">\n<p style=\"font-weight: 400;\">\n<p style=\"font-weight: 400;\">\n","protected":false},"excerpt":{"rendered":"<p>La noche del s\u00e1bado quedar\u00e1 en la memoria colectiva de los goyanos y de los turistas que colmaron la Costanera Norte para vivir una nueva edici\u00f3n del Goya Cumbia, el gran espect\u00e1culo impulsado por la Municipalidad de Goya que marc\u00f3 el cierre oficial de la temporada de verano en la ciudad. Sobre el escenario montado [&hellip;]<\/p>\n","protected":false},"author":4,"featured_media":145843,"comment_status":"closed","ping_status":"closed","sticky":false,"template":"","format":"standard","meta":{"footnotes":""},"categories":[45],"tags":[],"class_list":{"0":"post-145842","1":"post","2":"type-post","3":"status-publish","4":"format-standard","5":"has-post-thumbnail","7":"category-locales"},"_links":{"self":[{"href":"https:\/\/revistaesperanzas.com\/web\/wp-json\/wp\/v2\/posts\/145842","targetHints":{"allow":["GET"]}}],"collection":[{"href":"https:\/\/revistaesperanzas.com\/web\/wp-json\/wp\/v2\/posts"}],"about":[{"href":"https:\/\/revistaesperanzas.com\/web\/wp-json\/wp\/v2\/types\/post"}],"author":[{"embeddable":true,"href":"https:\/\/revistaesperanzas.com\/web\/wp-json\/wp\/v2\/users\/4"}],"replies":[{"embeddable":true,"href":"https:\/\/revistaesperanzas.com\/web\/wp-json\/wp\/v2\/comments?post=145842"}],"version-history":[{"count":2,"href":"https:\/\/revistaesperanzas.com\/web\/wp-json\/wp\/v2\/posts\/145842\/revisions"}],"predecessor-version":[{"id":145847,"href":"https:\/\/revistaesperanzas.com\/web\/wp-json\/wp\/v2\/posts\/145842\/revisions\/145847"}],"wp:featuredmedia":[{"embeddable":true,"href":"https:\/\/revistaesperanzas.com\/web\/wp-json\/wp\/v2\/media\/145843"}],"wp:attachment":[{"href":"https:\/\/revistaesperanzas.com\/web\/wp-json\/wp\/v2\/media?parent=145842"}],"wp:term":[{"taxonomy":"category","embeddable":true,"href":"https:\/\/revistaesperanzas.com\/web\/wp-json\/wp\/v2\/categories?post=145842"},{"taxonomy":"post_tag","embeddable":true,"href":"https:\/\/revistaesperanzas.com\/web\/wp-json\/wp\/v2\/tags?post=145842"}],"curies":[{"name":"wp","href":"https:\/\/api.w.org\/{rel}","templated":true}]}}