{"id":145848,"date":"2026-03-03T20:20:04","date_gmt":"2026-03-03T23:20:04","guid":{"rendered":"https:\/\/revistaesperanzas.com\/web\/?p=145848"},"modified":"2026-03-03T20:20:04","modified_gmt":"2026-03-03T23:20:04","slug":"educacion-dio-inicio-al-ano-lectivo-2026-con-nuevos-proyectos-y-desafios","status":"publish","type":"post","link":"https:\/\/revistaesperanzas.com\/web\/2026\/03\/educacion-dio-inicio-al-ano-lectivo-2026-con-nuevos-proyectos-y-desafios\/","title":{"rendered":"EDUCACI\u00d3N DIO INICIO AL A\u00d1O LECTIVO 2026 CON NUEVOS PROYECTOS Y DESAF\u00cdOS"},"content":{"rendered":"<p style=\"font-weight: 400;\">Secretaria de Educaci\u00f3n, Sonia Espina:<\/p>\n<p style=\"font-weight: 400;\">El pasado domingo, ante la presencia de concejales, funcionarios, legisladores y referentes de distintas organizaciones de la ciudad, el intendente de Goya Mariano Hormaechea, rindi\u00f3 cuentas de lo actuado y plante\u00f3 los desaf\u00edos para este 2026 en educaci\u00f3n.<\/p>\n<p style=\"font-weight: 400;\">Hormaechea dedic\u00f3 m\u00e1s de una hora a repasar las principales l\u00edneas de acci\u00f3n que llev\u00f3 adelante el a\u00f1o pasado y trazar los ejes para este 2026, siendo la educaci\u00f3n del soberano uno de pilares fundamentales de la gesti\u00f3n.<\/p>\n<p style=\"font-weight: 400;\">La secretaria de Educaci\u00f3n, Sonia Espina valor\u00f3 el discurso y reafirm\u00f3 el compromiso de Gesti\u00f3n Municipal como n\u00facleo estrat\u00e9gico.<\/p>\n<p style=\"font-weight: 400;\">\u201cQued\u00f3 marcado en el discurso el trabajo que se viene haciendo, es un trabajo integral por eso una de las cosas m\u00e1s sobresalientes es la inversi\u00f3n en el \u00e1rea educaci\u00f3n y sobre todo en esta tecnicatura que vamos a arrancar (en julio) que es Administraci\u00f3n de Empresas con UTN, donde el municipio se hace cargo de lo que significa la financiaci\u00f3n de la carrera y eso permite la oportunidad de estudiar en una universidad de prestigio\u201d inform\u00f3 Espina.<\/p>\n<p style=\"font-weight: 400;\">A esto se suma las formaciones profesionales que se tiene con el INET y otras formaciones como gastronom\u00eda, indumentaria, est\u00e9tica, escuelas municipales, operador de PC en el ITG entre otras.<\/p>\n<p style=\"font-weight: 400;\">Cabe se\u00f1alar que la decisi\u00f3n de traer la carrera a Goya tiene sustento en los resultados de una encuesta a nivel acad\u00e9mico donde Administraci\u00f3n de Empresas fue la m\u00e1s votada por los alumnos.<\/p>\n<p style=\"font-weight: 400;\">\u201cEn base a este trabajo hablamos con la UTN, vienen profesores de la UTN a dar las clases, algunas se hacen de manera presencial y virtual, hay docentes de Goya\u201d. El periodo de la primera cohorte iniciar\u00e1 con el cursillo y en el segundo cuatrimestre (julio) empezar\u00e1 la carrera, asegur\u00f3 la funcionaria.<\/p>\n<p style=\"font-weight: 400;\">INICIO DE CLASES<\/p>\n<p style=\"font-weight: 400;\"><a href=\"https:\/\/revistaesperanzas.com\/web\/2026\/03\/educacion-dio-inicio-al-ano-lectivo-2026-con-nuevos-proyectos-y-desafios\/nota-sonia-1\/\" rel=\"attachment wp-att-145850\"><img loading=\"lazy\" decoding=\"async\" class=\" wp-image-145850 alignleft\" src=\"https:\/\/revistaesperanzas.com\/web\/wp-content\/uploads\/2026\/03\/NOTA-SONIA-1.jpeg\" alt=\"\" width=\"500\" height=\"342\" srcset=\"https:\/\/revistaesperanzas.com\/web\/wp-content\/uploads\/2026\/03\/NOTA-SONIA-1.jpeg 600w, https:\/\/revistaesperanzas.com\/web\/wp-content\/uploads\/2026\/03\/NOTA-SONIA-1-218x150.jpeg 218w\" sizes=\"auto, (max-width: 500px) 100vw, 500px\" \/><\/a>Tal como lo marca el calendario escolar 2026 para la provincia de Corrientes, el a\u00f1o lectivo dio inicio este lunes 2 de marzo en el nivel inicial, primario, secundario, as\u00ed como para las escuelas de gesti\u00f3n estatal y privada (ciudad y campo) y tambi\u00e9n en las modalidades Educaci\u00f3n Especial y Educaci\u00f3n Permanente de J\u00f3venes y Adultos.<\/p>\n<p style=\"font-weight: 400;\">Este lunes y martes, la secretaria de Educaci\u00f3n de Goya acompa\u00f1\u00f3 a autoridades educativas el inicio del a\u00f1o lectivo 2026 de niveles: Inicial, Primario, Secundario y Superior, destacando que \u201cser\u00e1 un a\u00f1o de nuevos desaf\u00edos\u201d.<\/p>\n<p style=\"font-weight: 400;\">Esto en el marco de un acompa\u00f1amiento que se hace desde el municipio \u201cpero tambi\u00e9n una apertura de las puertas de todas las instituciones educativas para trabajar en equipo\u201d indic\u00f3.<\/p>\n<p style=\"font-weight: 400;\">LIBRO INSTITUCIONAL SOBRE GOYA<\/p>\n<p style=\"font-weight: 400;\">El municipio de Goya trabaja en la elaboraci\u00f3n de un libro institucional sobre la historia de la ciudad, en colaboraci\u00f3n con el historiador Felipe Pigna. El proyecto es impulsado por la gesti\u00f3n que encabeza el intendente Mariano Hormaechea.<\/p>\n<p style=\"font-weight: 400;\">En este proyecto est\u00e1n involucrados la Secretar\u00eda de Turismo, Educaci\u00f3n y la Direcci\u00f3n de Cultura quienes mantienen reuniones con vecinos e investigadores con el prop\u00f3sito de integrar los distintos aportes en la obra final.<\/p>\n<p style=\"font-weight: 400;\">\u201cEsta tarea nos encomend\u00f3 el intendente, de trabajar con las escuelas, hay mucho que contar sobre la historia de Goya y esto viene de la mano de la identidad de la ciudad, por eso estamos coordinando el libro institucional y el documental, esperamos llegar con la fecha para presentarlo en la pr\u00f3xima Feria del Libro\u201d adelant\u00f3.<\/p>\n<p style=\"font-weight: 400;\">La doctora Espina cerr\u00f3 haciendo hincapi\u00e9 en la importancia del acompa\u00f1amiento estatal.<\/p>\n<p style=\"font-weight: 400;\">Puso de manifiesto la importancia de asistir a los actos escolares en un d\u00eda que marca el inicio de trabajo, aprendizajes y experiencias para toda la comunidad escolar. Asimismo, valor\u00f3 el esfuerzo municipal y la gesti\u00f3n \u201ctransparente y ordenada\u201d que posibilita traer nuevas carreras y seguir sumando beneficios para que los chicos puedan estudiar en Goya.<\/p>\n<p style=\"font-weight: 400;\">\u201cUna administraci\u00f3n ordenada nos permite hacer esta inversi\u00f3n en educaci\u00f3n para que nuestros j\u00f3venes puedan estudiar de manera gratuita\u201d concluy\u00f3.<\/p>\n<p style=\"font-weight: 400;\">BOLETO ESTUDIANTIL<\/p>\n<p style=\"font-weight: 400;\">Desde la secretaria de Educaci\u00f3n se informa que contin\u00faa vigente el programa del \u201cBoleto Estudiantil\u201d, para alumnos de la ciudad. Los requisitos y condiciones son de la misma modalidad al a\u00f1o anterior. Para consultas deben concurrir a la Secretaria de Educaci\u00f3n en Paseo La An\u00f3nima.<\/p>\n","protected":false},"excerpt":{"rendered":"<p>Secretaria de Educaci\u00f3n, Sonia Espina: El pasado domingo, ante la presencia de concejales, funcionarios, legisladores y referentes de distintas organizaciones de la ciudad, el intendente de Goya Mariano Hormaechea, rindi\u00f3 cuentas de lo actuado y plante\u00f3 los desaf\u00edos para este 2026 en educaci\u00f3n. Hormaechea dedic\u00f3 m\u00e1s de una hora a repasar las principales l\u00edneas de [&hellip;]<\/p>\n","protected":false},"author":4,"featured_media":145849,"comment_status":"closed","ping_status":"closed","sticky":false,"template":"","format":"standard","meta":{"footnotes":""},"categories":[45],"tags":[],"class_list":{"0":"post-145848","1":"post","2":"type-post","3":"status-publish","4":"format-standard","5":"has-post-thumbnail","7":"category-locales"},"_links":{"self":[{"href":"https:\/\/revistaesperanzas.com\/web\/wp-json\/wp\/v2\/posts\/145848","targetHints":{"allow":["GET"]}}],"collection":[{"href":"https:\/\/revistaesperanzas.com\/web\/wp-json\/wp\/v2\/posts"}],"about":[{"href":"https:\/\/revistaesperanzas.com\/web\/wp-json\/wp\/v2\/types\/post"}],"author":[{"embeddable":true,"href":"https:\/\/revistaesperanzas.com\/web\/wp-json\/wp\/v2\/users\/4"}],"replies":[{"embeddable":true,"href":"https:\/\/revistaesperanzas.com\/web\/wp-json\/wp\/v2\/comments?post=145848"}],"version-history":[{"count":2,"href":"https:\/\/revistaesperanzas.com\/web\/wp-json\/wp\/v2\/posts\/145848\/revisions"}],"predecessor-version":[{"id":145852,"href":"https:\/\/revistaesperanzas.com\/web\/wp-json\/wp\/v2\/posts\/145848\/revisions\/145852"}],"wp:featuredmedia":[{"embeddable":true,"href":"https:\/\/revistaesperanzas.com\/web\/wp-json\/wp\/v2\/media\/145849"}],"wp:attachment":[{"href":"https:\/\/revistaesperanzas.com\/web\/wp-json\/wp\/v2\/media?parent=145848"}],"wp:term":[{"taxonomy":"category","embeddable":true,"href":"https:\/\/revistaesperanzas.com\/web\/wp-json\/wp\/v2\/categories?post=145848"},{"taxonomy":"post_tag","embeddable":true,"href":"https:\/\/revistaesperanzas.com\/web\/wp-json\/wp\/v2\/tags?post=145848"}],"curies":[{"name":"wp","href":"https:\/\/api.w.org\/{rel}","templated":true}]}}