{"id":145853,"date":"2026-03-03T20:22:23","date_gmt":"2026-03-03T23:22:23","guid":{"rendered":"https:\/\/revistaesperanzas.com\/web\/?p=145853"},"modified":"2026-03-03T20:22:23","modified_gmt":"2026-03-03T23:22:23","slug":"mujeres-que-se-mueven-goya-baila-celebra-el-mes-de-la-mujer-con-una-jornada-abierta-en-la-estacion-de-los-ninos","status":"publish","type":"post","link":"https:\/\/revistaesperanzas.com\/web\/2026\/03\/mujeres-que-se-mueven-goya-baila-celebra-el-mes-de-la-mujer-con-una-jornada-abierta-en-la-estacion-de-los-ninos\/","title":{"rendered":"\u201cMUJERES QUE SE MUEVEN\u201d: GOYA BAILA CELEBRA EL MES DE LA MUJER CON UNA JORNADA ABIERTA EN LA ESTACI\u00d3N DE LOS NI\u00d1OS"},"content":{"rendered":"<p style=\"font-weight: 400;\">En el marco del programa municipal Goya Baila, la Municipalidad de Goya invita a la comunidad a sumarse a una nueva propuesta destinada a promover el movimiento, la vida saludable y la integraci\u00f3n social. Se trata de \u201cMujeres que se Mueven\u201d, una actividad especial de dicho programa, que se desarrollar\u00e1 este jueves 5 de marzo a las 19 horas en la Estaci\u00f3n de los Ni\u00f1os (Ex Ferrocarril).<\/p>\n<p style=\"font-weight: 400;\">En comunicaci\u00f3n telef\u00f3nica, la coordinadora del programa, Gladys L\u00f3pez Beltr\u00e1n \u2014iniciativa que cuenta con el madrinazgo de la concejal Gabriela Refojos\u2014 brind\u00f3 detalles de la convocatoria y destac\u00f3 el crecimiento que ha tenido el espacio en distintos puntos de la ciudad.<\/p>\n<p style=\"font-weight: 400;\">\u201cTotalmente, el programa cuenta con varios lugares donde est\u00e1n los profes dando clases actualmente\u201d, se\u00f1al\u00f3 la coordinadora, remarcando que Goya Baila se ha consolidado como un espacio de encuentro, expresi\u00f3n corporal y construcci\u00f3n de h\u00e1bitos saludables.<\/p>\n<p style=\"font-weight: 400;\">En relaci\u00f3n a la jornada del jueves, L\u00f3pez Beltr\u00e1n expres\u00f3: \u201cLa idea es dejarles una invitaci\u00f3n para el d\u00eda jueves 5 de marzo a las 19 horas en la Estaci\u00f3n de los Ni\u00f1os donde esta actividad est\u00e1 programada por el mes de la mujer\u201d.<\/p>\n<p style=\"font-weight: 400;\">La propuesta, especialmente pensada en el contexto del Mes de la Mujer, contar\u00e1 con la participaci\u00f3n de los profesores que integran el programa: Sergio Bathett, \u201cPato\u201d Acu\u00f1a, Valeria Bogado y Maxi Ojeda, quienes ser\u00e1n los encargados de poner ritmo y energ\u00eda a la tarde.<\/p>\n<p style=\"font-weight: 400;\">\u201cNuestra actividad se llama \u2018Mujeres que se Mueven\u2019, est\u00e1n todas invitadas, van a estar los profes que forman parte del programa, como el profe Sergio Bathett, profesor \u2018Pato\u2019 Acu\u00f1a, la profesora Valeria Bogado y el profesor Maxio Ojeda\u201d, subray\u00f3 L\u00f3pez Beltr\u00e1n.<\/p>\n<p style=\"font-weight: 400;\">La convocatoria es abierta y gratuita. Se recomienda asistir con ropa c\u00f3moda para poder realizar las coreograf\u00edas y ejercicios previstos. Adem\u00e1s, se dispondr\u00e1 de un puesto de hidrataci\u00f3n, teniendo en cuenta que se espera una jornada calurosa, con temperaturas que rondar\u00e1n los 30 grados.<\/p>\n<p style=\"font-weight: 400;\">En ese sentido, la coordinadora destac\u00f3 el acompa\u00f1amiento institucional: \u201cAgradecer el acompa\u00f1amiento de la concejal Gabriela Refojos que siempre est\u00e1 a la par nuestra trabajando y como siempre el apoyo y acompa\u00f1amiento del intendente Mariano Hormaechea\u201d, manifest\u00f3, en referencia al jefe comunal Mariano Hormaechea.<\/p>\n<p style=\"font-weight: 400;\">Asimismo, remarc\u00f3 la importancia del cuidado durante la actividad f\u00edsica: \u201cTotalmente, la hidrataci\u00f3n es fundamental\u201d, sostuvo, recordando que las clases se desarrollan con intervalos que permiten recuperar energ\u00edas y garantizar el bienestar de los participantes.<\/p>\n<p style=\"font-weight: 400;\">Consultada sobre si la propuesta est\u00e1 destinada exclusivamente a mujeres, L\u00f3pez Beltr\u00e1n fue clara: \u201cNo, en el programa pueden asistir hombres, as\u00ed que est\u00e1n totalmente invitados\u201d. Y agreg\u00f3: \u201cEs para todos, pero por el mes de la mujer tratamos de darle ese marco\u201d.<\/p>\n<p style=\"font-weight: 400;\">En la misma l\u00ednea reafirm\u00f3 el esp\u00edritu inclusivo del programa: \u201cAs\u00ed es, este mes lo enmarcamos en el mes de la mujer, por eso la convocatoria es con esa denominaci\u00f3n, pero no quiere decir que los hombres est\u00e9n excluidos, al contrario, los esperamos a todos\u201d.<\/p>\n<p style=\"font-weight: 400;\">La jornada tambi\u00e9n contar\u00e1 con sorteos y premios para las asistentes. \u201cTe cuento que va a haber sorteos, as\u00ed que vayan preparadas para ver si tienen suerte y tienen alg\u00fan premio que se llevan lo pueden llevar a casa\u201d, adelant\u00f3 con entusiasmo.<\/p>\n<p style=\"font-weight: 400;\">Si bien la actividad est\u00e1 pensada especialmente para homenajear a las mujeres en su mes, la coordinadora aclar\u00f3: \u201cPor esta vez, vamos a tratar de que sea todo para las chicas por su mes. Despu\u00e9s en otra oportunidad le damos a los muchachos tambi\u00e9n\u201d.<\/p>\n<p style=\"font-weight: 400;\">Finalmente, dej\u00f3 abierta la invitaci\u00f3n a toda la comunidad: \u201cCon entrada libre y gratuita los esperamos este jueves a las 19 horas en \u2018Mujeres que se mueven\u2019, Marzo en Acci\u00f3n, as\u00ed que a moverse y las esperamos a todas y a todos\u201d, concluy\u00f3 la coordinadora del programa Goya Baila.<\/p>\n<p style=\"font-weight: 400;\">Una propuesta que invita a bailar, compartir y fortalecer h\u00e1bitos saludables, reafirmando el compromiso del municipio con el bienestar y la inclusi\u00f3n de todos los vecinos.<\/p>\n","protected":false},"excerpt":{"rendered":"<p>En el marco del programa municipal Goya Baila, la Municipalidad de Goya invita a la comunidad a sumarse a una nueva propuesta destinada a promover el movimiento, la vida saludable y la integraci\u00f3n social. Se trata de \u201cMujeres que se Mueven\u201d, una actividad especial de dicho programa, que se desarrollar\u00e1 este jueves 5 de marzo [&hellip;]<\/p>\n","protected":false},"author":4,"featured_media":145854,"comment_status":"closed","ping_status":"closed","sticky":false,"template":"","format":"standard","meta":{"footnotes":""},"categories":[45],"tags":[],"class_list":{"0":"post-145853","1":"post","2":"type-post","3":"status-publish","4":"format-standard","5":"has-post-thumbnail","7":"category-locales"},"_links":{"self":[{"href":"https:\/\/revistaesperanzas.com\/web\/wp-json\/wp\/v2\/posts\/145853","targetHints":{"allow":["GET"]}}],"collection":[{"href":"https:\/\/revistaesperanzas.com\/web\/wp-json\/wp\/v2\/posts"}],"about":[{"href":"https:\/\/revistaesperanzas.com\/web\/wp-json\/wp\/v2\/types\/post"}],"author":[{"embeddable":true,"href":"https:\/\/revistaesperanzas.com\/web\/wp-json\/wp\/v2\/users\/4"}],"replies":[{"embeddable":true,"href":"https:\/\/revistaesperanzas.com\/web\/wp-json\/wp\/v2\/comments?post=145853"}],"version-history":[{"count":1,"href":"https:\/\/revistaesperanzas.com\/web\/wp-json\/wp\/v2\/posts\/145853\/revisions"}],"predecessor-version":[{"id":145855,"href":"https:\/\/revistaesperanzas.com\/web\/wp-json\/wp\/v2\/posts\/145853\/revisions\/145855"}],"wp:featuredmedia":[{"embeddable":true,"href":"https:\/\/revistaesperanzas.com\/web\/wp-json\/wp\/v2\/media\/145854"}],"wp:attachment":[{"href":"https:\/\/revistaesperanzas.com\/web\/wp-json\/wp\/v2\/media?parent=145853"}],"wp:term":[{"taxonomy":"category","embeddable":true,"href":"https:\/\/revistaesperanzas.com\/web\/wp-json\/wp\/v2\/categories?post=145853"},{"taxonomy":"post_tag","embeddable":true,"href":"https:\/\/revistaesperanzas.com\/web\/wp-json\/wp\/v2\/tags?post=145853"}],"curies":[{"name":"wp","href":"https:\/\/api.w.org\/{rel}","templated":true}]}}