{"id":145871,"date":"2026-03-03T20:34:53","date_gmt":"2026-03-03T23:34:53","guid":{"rendered":"https:\/\/revistaesperanzas.com\/web\/?p=145871"},"modified":"2026-03-03T20:34:53","modified_gmt":"2026-03-03T23:34:53","slug":"alejandro-lago-destaca-la-integracion-de-las-areas-deportiva-y-cultural-a-la-secretaria-de-turismo-en-goya","status":"publish","type":"post","link":"https:\/\/revistaesperanzas.com\/web\/2026\/03\/alejandro-lago-destaca-la-integracion-de-las-areas-deportiva-y-cultural-a-la-secretaria-de-turismo-en-goya\/","title":{"rendered":"ALEJANDRO LAGO DESTACA LA INTEGRACI\u00d3N DE LAS \u00c1REAS DEPORTIVA Y CULTURAL A LA SECRETAR\u00cdA DE TURISMO EN GOYA"},"content":{"rendered":"<p style=\"font-weight: 400;\">El director de Deportes de Goya, Alejandro Lago, expres\u00f3 su optimismo respecto a la reciente decisi\u00f3n del municipio de integrar la Direcci\u00f3n de Deportes y la Direcci\u00f3n de Cultura a la \u00f3rbita de la Secretar\u00eda de Turismo.<\/p>\n<p style=\"font-weight: 400;\">En declaraciones period\u00edsticas, Alejandro Lago afirm\u00f3 que estuvo reunido con el intendente Mariano Hormaechea, el secretario de Turismo y el director de Cultura. \u201cLa idea es seguir potenciando el desarrollo tur\u00edstico de la ciudad, haciendo un esquema que permita estar bien organizados en lo cultural y deportivo\u201d, explic\u00f3.<a href=\"https:\/\/revistaesperanzas.com\/web\/2026\/03\/alejandro-lago-destaca-la-integracion-de-las-areas-deportiva-y-cultural-a-la-secretaria-de-turismo-en-goya\/turismo-deporte-y-cultura-nota-a-alejandro-lago-2\/\" rel=\"attachment wp-att-145873\"><img loading=\"lazy\" decoding=\"async\" class=\"size-full wp-image-145873 alignleft\" src=\"https:\/\/revistaesperanzas.com\/web\/wp-content\/uploads\/2026\/03\/Turismo-deporte-y-cultura-nota-a-Alejandro-Lago-2.jpg\" alt=\"\" width=\"600\" height=\"397\" \/><\/a><\/p>\n<p style=\"font-weight: 400;\">El funcionario resalt\u00f3 que \u201cen la agenda de Goya, hacia adelante, tenemos mucha actividad y mucha densidad de desarrollo deportivo. En ese sentido, era importante poder nuclear nuestra \u00e1rea con turismo. La decisi\u00f3n del intendente es m\u00e1s que bienvenida y acertada\u201d.<\/p>\n<p style=\"font-weight: 400;\">Lago agreg\u00f3 que \u201cla idea es que, a trav\u00e9s del deporte y los eventos deportivos donde se ve presencia del for\u00e1neo, podamos seguir capitalizando esa cuesti\u00f3n del desarrollo tur\u00edstico de la ciudad y de la microrregi\u00f3n. Adem\u00e1s, buscamos tener una agenda en com\u00fan con Cultura\u201d.<\/p>\n<p style=\"font-weight: 400;\">En un contexto nacional complejo, el director de Deportes destac\u00f3 la importancia de administrar los recursos con eficiencia y de planificar con responsabilidad. \u201cEste escenario dif\u00edcil requiere que expliquemos a los vecinos que hay que administrar bien, planificar y hacer lo esencial. Estamos encarando un a\u00f1o con buenas expectativas y la idea es eso: trabajar en equipo&#8221;, dijo.<\/p>\n","protected":false},"excerpt":{"rendered":"<p>El director de Deportes de Goya, Alejandro Lago, expres\u00f3 su optimismo respecto a la reciente decisi\u00f3n del municipio de integrar la Direcci\u00f3n de Deportes y la Direcci\u00f3n de Cultura a la \u00f3rbita de la Secretar\u00eda de Turismo. En declaraciones period\u00edsticas, Alejandro Lago afirm\u00f3 que estuvo reunido con el intendente Mariano Hormaechea, el secretario de Turismo [&hellip;]<\/p>\n","protected":false},"author":4,"featured_media":145872,"comment_status":"closed","ping_status":"closed","sticky":false,"template":"","format":"standard","meta":{"footnotes":""},"categories":[45],"tags":[],"class_list":{"0":"post-145871","1":"post","2":"type-post","3":"status-publish","4":"format-standard","5":"has-post-thumbnail","7":"category-locales"},"_links":{"self":[{"href":"https:\/\/revistaesperanzas.com\/web\/wp-json\/wp\/v2\/posts\/145871","targetHints":{"allow":["GET"]}}],"collection":[{"href":"https:\/\/revistaesperanzas.com\/web\/wp-json\/wp\/v2\/posts"}],"about":[{"href":"https:\/\/revistaesperanzas.com\/web\/wp-json\/wp\/v2\/types\/post"}],"author":[{"embeddable":true,"href":"https:\/\/revistaesperanzas.com\/web\/wp-json\/wp\/v2\/users\/4"}],"replies":[{"embeddable":true,"href":"https:\/\/revistaesperanzas.com\/web\/wp-json\/wp\/v2\/comments?post=145871"}],"version-history":[{"count":2,"href":"https:\/\/revistaesperanzas.com\/web\/wp-json\/wp\/v2\/posts\/145871\/revisions"}],"predecessor-version":[{"id":145875,"href":"https:\/\/revistaesperanzas.com\/web\/wp-json\/wp\/v2\/posts\/145871\/revisions\/145875"}],"wp:featuredmedia":[{"embeddable":true,"href":"https:\/\/revistaesperanzas.com\/web\/wp-json\/wp\/v2\/media\/145872"}],"wp:attachment":[{"href":"https:\/\/revistaesperanzas.com\/web\/wp-json\/wp\/v2\/media?parent=145871"}],"wp:term":[{"taxonomy":"category","embeddable":true,"href":"https:\/\/revistaesperanzas.com\/web\/wp-json\/wp\/v2\/categories?post=145871"},{"taxonomy":"post_tag","embeddable":true,"href":"https:\/\/revistaesperanzas.com\/web\/wp-json\/wp\/v2\/tags?post=145871"}],"curies":[{"name":"wp","href":"https:\/\/api.w.org\/{rel}","templated":true}]}}