{"id":145876,"date":"2026-03-03T20:38:29","date_gmt":"2026-03-03T23:38:29","guid":{"rendered":"https:\/\/revistaesperanzas.com\/web\/?p=145876"},"modified":"2026-03-03T20:38:29","modified_gmt":"2026-03-03T23:38:29","slug":"campana-de-concientizacion-de-dengue","status":"publish","type":"post","link":"https:\/\/revistaesperanzas.com\/web\/2026\/03\/campana-de-concientizacion-de-dengue\/","title":{"rendered":"CAMPA\u00d1A DE CONCIENTIZACI\u00d3N DE DENGUE"},"content":{"rendered":"<p style=\"font-weight: 400;\">El equipo municipal despleg\u00f3 una recorrida por los centros de salud, de atenci\u00f3n primaria municipal y pertenecientes a Salud P\u00fablica de la Provincia, acercando informaci\u00f3n, folleter\u00eda y recomendaciones en relaci\u00f3n a la campa\u00f1a de concientizaci\u00f3n del dengue.<a href=\"https:\/\/revistaesperanzas.com\/web\/2026\/03\/campana-de-concientizacion-de-dengue\/campana-prevencion-y-concientizacion-dengue-2-visitas-centros-de-aps\/\" rel=\"attachment wp-att-145878\"><img loading=\"lazy\" decoding=\"async\" class=\"size-full wp-image-145878 alignleft\" src=\"https:\/\/revistaesperanzas.com\/web\/wp-content\/uploads\/2026\/03\/campana-prevencion-y-concientizacion-Dengue-2-visitas-centros-de-APS.jpg\" alt=\"\" width=\"599\" height=\"523\" srcset=\"https:\/\/revistaesperanzas.com\/web\/wp-content\/uploads\/2026\/03\/campana-prevencion-y-concientizacion-Dengue-2-visitas-centros-de-APS.jpg 599w, https:\/\/revistaesperanzas.com\/web\/wp-content\/uploads\/2026\/03\/campana-prevencion-y-concientizacion-Dengue-2-visitas-centros-de-APS-481x420.jpg 481w\" sizes=\"auto, (max-width: 599px) 100vw, 599px\" \/><\/a><\/p>\n<p style=\"font-weight: 400;\">De una manera creativa, incluyendo la figura del \u201cmosquito\u201d transmisor de la enfermedad, el equipo municipal durante la jornada del martes se acerc\u00f3 a los centros de atenci\u00f3n primaria de la salud, los correspondientes a la esfera municipal, como asimismo al \u00e1rea de salud p\u00fablica de la provincia.<\/p>\n<p style=\"font-weight: 400;\">En tal sentido, el personal afectado a la tarea preventiva del dengue, visit\u00f3 las salas de APS, el Hospital Regional Goya y los Centros Integradores Comunitarios CIC Norte y Sur.<a href=\"https:\/\/revistaesperanzas.com\/web\/2026\/03\/campana-de-concientizacion-de-dengue\/campana-prevencion-y-concientizacion-dengue-3-visitas-centros-de-aps\/\" rel=\"attachment wp-att-145879\"><img loading=\"lazy\" decoding=\"async\" class=\"size-full wp-image-145879 alignright\" src=\"https:\/\/revistaesperanzas.com\/web\/wp-content\/uploads\/2026\/03\/campana-prevencion-y-concientizacion-Dengue-3-visitas-centros-de-APS.jpg\" alt=\"\" width=\"600\" height=\"487\" srcset=\"https:\/\/revistaesperanzas.com\/web\/wp-content\/uploads\/2026\/03\/campana-prevencion-y-concientizacion-Dengue-3-visitas-centros-de-APS.jpg 600w, https:\/\/revistaesperanzas.com\/web\/wp-content\/uploads\/2026\/03\/campana-prevencion-y-concientizacion-Dengue-3-visitas-centros-de-APS-517x420.jpg 517w\" sizes=\"auto, (max-width: 600px) 100vw, 600px\" \/><\/a><\/p>\n<p style=\"font-weight: 400;\">El objetivo: establecer contacto con los pacientes que asisten a los mencionados centros de salud para brindar informaci\u00f3n, entregar la folleter\u00eda y las indicaciones para estar alerta y mantener apropiadamente los espacios hogare\u00f1os que puedan ser cultivo de la larva del Aedes Aegypti, para prevenir la enfermedad.<\/p>\n<p style=\"font-weight: 400;\">Sin mosquito no hay dengue.<\/p>\n","protected":false},"excerpt":{"rendered":"<p>El equipo municipal despleg\u00f3 una recorrida por los centros de salud, de atenci\u00f3n primaria municipal y pertenecientes a Salud P\u00fablica de la Provincia, acercando informaci\u00f3n, folleter\u00eda y recomendaciones en relaci\u00f3n a la campa\u00f1a de concientizaci\u00f3n del dengue. De una manera creativa, incluyendo la figura del \u201cmosquito\u201d transmisor de la enfermedad, el equipo municipal durante la [&hellip;]<\/p>\n","protected":false},"author":4,"featured_media":145877,"comment_status":"closed","ping_status":"closed","sticky":false,"template":"","format":"standard","meta":{"footnotes":""},"categories":[45],"tags":[],"class_list":{"0":"post-145876","1":"post","2":"type-post","3":"status-publish","4":"format-standard","5":"has-post-thumbnail","7":"category-locales"},"_links":{"self":[{"href":"https:\/\/revistaesperanzas.com\/web\/wp-json\/wp\/v2\/posts\/145876","targetHints":{"allow":["GET"]}}],"collection":[{"href":"https:\/\/revistaesperanzas.com\/web\/wp-json\/wp\/v2\/posts"}],"about":[{"href":"https:\/\/revistaesperanzas.com\/web\/wp-json\/wp\/v2\/types\/post"}],"author":[{"embeddable":true,"href":"https:\/\/revistaesperanzas.com\/web\/wp-json\/wp\/v2\/users\/4"}],"replies":[{"embeddable":true,"href":"https:\/\/revistaesperanzas.com\/web\/wp-json\/wp\/v2\/comments?post=145876"}],"version-history":[{"count":2,"href":"https:\/\/revistaesperanzas.com\/web\/wp-json\/wp\/v2\/posts\/145876\/revisions"}],"predecessor-version":[{"id":145881,"href":"https:\/\/revistaesperanzas.com\/web\/wp-json\/wp\/v2\/posts\/145876\/revisions\/145881"}],"wp:featuredmedia":[{"embeddable":true,"href":"https:\/\/revistaesperanzas.com\/web\/wp-json\/wp\/v2\/media\/145877"}],"wp:attachment":[{"href":"https:\/\/revistaesperanzas.com\/web\/wp-json\/wp\/v2\/media?parent=145876"}],"wp:term":[{"taxonomy":"category","embeddable":true,"href":"https:\/\/revistaesperanzas.com\/web\/wp-json\/wp\/v2\/categories?post=145876"},{"taxonomy":"post_tag","embeddable":true,"href":"https:\/\/revistaesperanzas.com\/web\/wp-json\/wp\/v2\/tags?post=145876"}],"curies":[{"name":"wp","href":"https:\/\/api.w.org\/{rel}","templated":true}]}}