{"id":145882,"date":"2026-03-03T20:40:03","date_gmt":"2026-03-03T23:40:03","guid":{"rendered":"https:\/\/revistaesperanzas.com\/web\/?p=145882"},"modified":"2026-03-03T20:40:03","modified_gmt":"2026-03-03T23:40:03","slug":"parque-acuatico-goya-ultimo-fin-de-semana","status":"publish","type":"post","link":"https:\/\/revistaesperanzas.com\/web\/2026\/03\/parque-acuatico-goya-ultimo-fin-de-semana\/","title":{"rendered":"PARQUE ACU\u00c1TICO GOYA: \u00daLTIMO FIN DE SEMANA"},"content":{"rendered":"<p style=\"font-weight: 400;\">El Parque Acu\u00e1tico Goya finaliza su temporada de verano este fin de semana.<\/p>\n<p style=\"font-weight: 400;\">El espacio recreativo pensado para las familias y el encuentro con amigos, tanto goyanos como visitantes, anuncia que viernes, s\u00e1bado y domingo ser\u00e1n los \u00faltimos d\u00edas del parque acu\u00e1tico, marcando la clausura de la temporada estival.<\/p>\n<p style=\"font-weight: 400;\">Ante ello, se invita a no perder la oportunidad de conocer sus atractivos y a disfrutar del espacio y los juegos acu\u00e1ticos.<\/p>\n<p style=\"font-weight: 400;\">Cabe destacar que el Parque Acu\u00e1tico Goya ha generado gran inter\u00e9s superando m\u00e1s de 22.000 visitantes a la fecha.<\/p>\n","protected":false},"excerpt":{"rendered":"<p>El Parque Acu\u00e1tico Goya finaliza su temporada de verano este fin de semana. El espacio recreativo pensado para las familias y el encuentro con amigos, tanto goyanos como visitantes, anuncia que viernes, s\u00e1bado y domingo ser\u00e1n los \u00faltimos d\u00edas del parque acu\u00e1tico, marcando la clausura de la temporada estival. Ante ello, se invita a no [&hellip;]<\/p>\n","protected":false},"author":4,"featured_media":145883,"comment_status":"closed","ping_status":"closed","sticky":false,"template":"","format":"standard","meta":{"footnotes":""},"categories":[45],"tags":[],"class_list":{"0":"post-145882","1":"post","2":"type-post","3":"status-publish","4":"format-standard","5":"has-post-thumbnail","7":"category-locales"},"_links":{"self":[{"href":"https:\/\/revistaesperanzas.com\/web\/wp-json\/wp\/v2\/posts\/145882","targetHints":{"allow":["GET"]}}],"collection":[{"href":"https:\/\/revistaesperanzas.com\/web\/wp-json\/wp\/v2\/posts"}],"about":[{"href":"https:\/\/revistaesperanzas.com\/web\/wp-json\/wp\/v2\/types\/post"}],"author":[{"embeddable":true,"href":"https:\/\/revistaesperanzas.com\/web\/wp-json\/wp\/v2\/users\/4"}],"replies":[{"embeddable":true,"href":"https:\/\/revistaesperanzas.com\/web\/wp-json\/wp\/v2\/comments?post=145882"}],"version-history":[{"count":1,"href":"https:\/\/revistaesperanzas.com\/web\/wp-json\/wp\/v2\/posts\/145882\/revisions"}],"predecessor-version":[{"id":145884,"href":"https:\/\/revistaesperanzas.com\/web\/wp-json\/wp\/v2\/posts\/145882\/revisions\/145884"}],"wp:featuredmedia":[{"embeddable":true,"href":"https:\/\/revistaesperanzas.com\/web\/wp-json\/wp\/v2\/media\/145883"}],"wp:attachment":[{"href":"https:\/\/revistaesperanzas.com\/web\/wp-json\/wp\/v2\/media?parent=145882"}],"wp:term":[{"taxonomy":"category","embeddable":true,"href":"https:\/\/revistaesperanzas.com\/web\/wp-json\/wp\/v2\/categories?post=145882"},{"taxonomy":"post_tag","embeddable":true,"href":"https:\/\/revistaesperanzas.com\/web\/wp-json\/wp\/v2\/tags?post=145882"}],"curies":[{"name":"wp","href":"https:\/\/api.w.org\/{rel}","templated":true}]}}