{"id":145885,"date":"2026-03-03T20:43:06","date_gmt":"2026-03-03T23:43:06","guid":{"rendered":"https:\/\/revistaesperanzas.com\/web\/?p=145885"},"modified":"2026-03-03T20:43:06","modified_gmt":"2026-03-03T23:43:06","slug":"causa-sorpresa-la-cantidad-de-repuestos-dijo-el-comisario-morales-sobre-desarmadero-clandestino","status":"publish","type":"post","link":"https:\/\/revistaesperanzas.com\/web\/2026\/03\/causa-sorpresa-la-cantidad-de-repuestos-dijo-el-comisario-morales-sobre-desarmadero-clandestino\/","title":{"rendered":"&#8220;CAUSA SORPRESA LA CANTIDAD DE REPUESTOS&#8221; DIJO EL COMISARIO MORALES SOBRE DESARMADERO CLANDESTINO"},"content":{"rendered":"<p style=\"font-weight: 400;\">Un operativo policial en la ciudad de Goya culmin\u00f3 con el desmantelamiento de un taller clandestino donde se encontraron numerosas motocicletas desarmadas y autopartes de dudosa procedencia. El comisario Valent\u00edn Morales, jefe de la Unidad Regional II de Goya, brind\u00f3 detalles sobre el procedimiento, destacando la magnitud del hallazgo y la posible conexi\u00f3n con una red de robo y desguace de veh\u00edculos.<\/p>\n<p style=\"font-weight: 400;\">&#8220;A ra\u00edz de una investigaci\u00f3n por el robo de una motocicleta, personal de la Comisar\u00eda<a href=\"https:\/\/revistaesperanzas.com\/web\/2026\/03\/causa-sorpresa-la-cantidad-de-repuestos-dijo-el-comisario-morales-sobre-desarmadero-clandestino\/ilustracion-nota-a-comisrio-mayor-valentin-morales-desarmadero-clandestino-3\/\" rel=\"attachment wp-att-145886\"><img loading=\"lazy\" decoding=\"async\" class=\"size-full wp-image-145886 alignleft\" src=\"https:\/\/revistaesperanzas.com\/web\/wp-content\/uploads\/2026\/03\/ilustracion-nota-a-Comisrio-Mayor-Valentin-Morales-desarmadero-clandestino-3.jpg\" alt=\"\" width=\"600\" height=\"620\" srcset=\"https:\/\/revistaesperanzas.com\/web\/wp-content\/uploads\/2026\/03\/ilustracion-nota-a-Comisrio-Mayor-Valentin-Morales-desarmadero-clandestino-3.jpg 600w, https:\/\/revistaesperanzas.com\/web\/wp-content\/uploads\/2026\/03\/ilustracion-nota-a-Comisrio-Mayor-Valentin-Morales-desarmadero-clandestino-3-406x420.jpg 406w\" sizes=\"auto, (max-width: 600px) 100vw, 600px\" \/><\/a> Quinta solicit\u00f3 una orden de allanamiento a un domicilio ubicado en la calle Tucum\u00e1n, entre avenida Sarmiento e Independencia&#8221;, explic\u00f3 el comisario Morales en declaraciones radiales. &#8220;En el lugar, que operaba como un taller sin habilitaci\u00f3n comercial ni registro de ingreso de veh\u00edculos, nos encontramos con una gran cantidad de motos desarmadas, entre siete y ocho unidades, cuya procedencia estamos investigando&#8221;, dijo.<\/p>\n<p style=\"font-weight: 400;\">El operativo, que cont\u00f3 con el apoyo de la Comisar\u00eda Sexta y el grupo t\u00e1ctico de operaciones, permiti\u00f3 incautar una variedad de autopartes, incluyendo asientos, ca\u00f1os de escape, ruedas y bloques de motor. &#8220;Estamos cotejando los n\u00fameros de motor y chasis para determinar la procedencia de cada pieza&#8221;, se\u00f1al\u00f3 Morales, quien expres\u00f3 su sorpresa por la cantidad de repuestos encontrados.<\/p>\n<p style=\"font-weight: 400;\">Las autoridades investigan si las motocicletas y autopartes provienen de robos perpetrados en Goya y localidades vecinas como Santa Luc\u00eda y Esquina. &#8220;Sospechamos que existe una red de personas dedicadas al robo y posterior desguace de motos para la reventa de sus partes&#8221;, coment\u00f3 el comisario.<a href=\"https:\/\/revistaesperanzas.com\/web\/2026\/03\/causa-sorpresa-la-cantidad-de-repuestos-dijo-el-comisario-morales-sobre-desarmadero-clandestino\/ilustracion-nota-a-comisrio-mayor-valentin-morales-desarmadero-clandestino-2\/\" rel=\"attachment wp-att-145887\"><img loading=\"lazy\" decoding=\"async\" class=\"alignnone  wp-image-145887\" src=\"https:\/\/revistaesperanzas.com\/web\/wp-content\/uploads\/2026\/03\/ilustracion-nota-a-Comisrio-Mayor-Valentin-Morales-desarmadero-clandestino-2.jpg\" alt=\"\" width=\"700\" height=\"478\" srcset=\"https:\/\/revistaesperanzas.com\/web\/wp-content\/uploads\/2026\/03\/ilustracion-nota-a-Comisrio-Mayor-Valentin-Morales-desarmadero-clandestino-2.jpg 600w, https:\/\/revistaesperanzas.com\/web\/wp-content\/uploads\/2026\/03\/ilustracion-nota-a-Comisrio-Mayor-Valentin-Morales-desarmadero-clandestino-2-218x150.jpg 218w\" sizes=\"auto, (max-width: 700px) 100vw, 700px\" \/><\/a><\/p>\n<p style=\"font-weight: 400;\">Ante esta situaci\u00f3n, el jefe policial inst\u00f3 a la ciudadan\u00eda a denunciar la existencia de talleres o desarmaderos clandestinos. &#8220;Es fundamental que todos actuemos para terminar con este tipo de hechos. Llevamos tiempo luchando contra el robo de motos y necesitamos la colaboraci\u00f3n de la comunidad&#8221;, expres\u00f3.<\/p>\n<p style=\"font-weight: 400;\">La investigaci\u00f3n contin\u00faa en manos de la justicia, que deber\u00e1 determinar el origen de las motocicletas y autopartes incautadas, as\u00ed como la responsabilidad de los implicados en este presunto delito.<\/p>\n","protected":false},"excerpt":{"rendered":"<p>Un operativo policial en la ciudad de Goya culmin\u00f3 con el desmantelamiento de un taller clandestino donde se encontraron numerosas motocicletas desarmadas y autopartes de dudosa procedencia. El comisario Valent\u00edn Morales, jefe de la Unidad Regional II de Goya, brind\u00f3 detalles sobre el procedimiento, destacando la magnitud del hallazgo y la posible conexi\u00f3n con una [&hellip;]<\/p>\n","protected":false},"author":4,"featured_media":145888,"comment_status":"closed","ping_status":"closed","sticky":false,"template":"","format":"standard","meta":{"footnotes":""},"categories":[45],"tags":[],"class_list":{"0":"post-145885","1":"post","2":"type-post","3":"status-publish","4":"format-standard","5":"has-post-thumbnail","7":"category-locales"},"_links":{"self":[{"href":"https:\/\/revistaesperanzas.com\/web\/wp-json\/wp\/v2\/posts\/145885","targetHints":{"allow":["GET"]}}],"collection":[{"href":"https:\/\/revistaesperanzas.com\/web\/wp-json\/wp\/v2\/posts"}],"about":[{"href":"https:\/\/revistaesperanzas.com\/web\/wp-json\/wp\/v2\/types\/post"}],"author":[{"embeddable":true,"href":"https:\/\/revistaesperanzas.com\/web\/wp-json\/wp\/v2\/users\/4"}],"replies":[{"embeddable":true,"href":"https:\/\/revistaesperanzas.com\/web\/wp-json\/wp\/v2\/comments?post=145885"}],"version-history":[{"count":2,"href":"https:\/\/revistaesperanzas.com\/web\/wp-json\/wp\/v2\/posts\/145885\/revisions"}],"predecessor-version":[{"id":145890,"href":"https:\/\/revistaesperanzas.com\/web\/wp-json\/wp\/v2\/posts\/145885\/revisions\/145890"}],"wp:featuredmedia":[{"embeddable":true,"href":"https:\/\/revistaesperanzas.com\/web\/wp-json\/wp\/v2\/media\/145888"}],"wp:attachment":[{"href":"https:\/\/revistaesperanzas.com\/web\/wp-json\/wp\/v2\/media?parent=145885"}],"wp:term":[{"taxonomy":"category","embeddable":true,"href":"https:\/\/revistaesperanzas.com\/web\/wp-json\/wp\/v2\/categories?post=145885"},{"taxonomy":"post_tag","embeddable":true,"href":"https:\/\/revistaesperanzas.com\/web\/wp-json\/wp\/v2\/tags?post=145885"}],"curies":[{"name":"wp","href":"https:\/\/api.w.org\/{rel}","templated":true}]}}