{"id":145907,"date":"2026-03-03T21:21:55","date_gmt":"2026-03-04T00:21:55","guid":{"rendered":"https:\/\/revistaesperanzas.com\/web\/?p=145907"},"modified":"2026-03-03T21:21:55","modified_gmt":"2026-03-04T00:21:55","slug":"el-ministro-de-turismo-estara-en-goya-el-miercoles-4-de-marzo","status":"publish","type":"post","link":"https:\/\/revistaesperanzas.com\/web\/2026\/03\/el-ministro-de-turismo-estara-en-goya-el-miercoles-4-de-marzo\/","title":{"rendered":"EL MINISTRO DE TURISMO ESTAR\u00c1 EN GOYA EL MI\u00c9RCOLES 4 DE MARZO"},"content":{"rendered":"<p style=\"font-weight: 400;\">El ministro de Turismo de la provincia de Corrientes Juan Enrique Braillard Poccard estar\u00e1 el mi\u00e9rcoles en nuestra ciudad, a las 11 horas, y ofrecer\u00e1 una rueda de prensa en el Flotante amarrado al muelle. Lo acompa\u00f1ar\u00e1n en la oportunidad el intendente municipal Mariano Hormaechea y el secretario de Turismo Sebasti\u00e1n Candia De Biasio. Es importante la presencia de los periodistas, comunicadores, responsables de portales digitales porque se dar\u00e1n a conocer los avances de la Reserva Isoro, entre otros temas.<\/p>\n<p style=\"font-weight: 400;\">Para ingresar al Flotante, los periodistas deber\u00e1n hacerlo por el port\u00f3n ubicado en avenida Ca\u00e1 Guaz\u00fa y calle 25 de Mayo.<\/p>\n<p style=\"font-weight: 400;\">Los esperamos.<\/p>\n","protected":false},"excerpt":{"rendered":"<p>El ministro de Turismo de la provincia de Corrientes Juan Enrique Braillard Poccard estar\u00e1 el mi\u00e9rcoles en nuestra ciudad, a las 11 horas, y ofrecer\u00e1 una rueda de prensa en el Flotante amarrado al muelle. Lo acompa\u00f1ar\u00e1n en la oportunidad el intendente municipal Mariano Hormaechea y el secretario de Turismo Sebasti\u00e1n Candia De Biasio. Es [&hellip;]<\/p>\n","protected":false},"author":4,"featured_media":145908,"comment_status":"closed","ping_status":"closed","sticky":false,"template":"","format":"standard","meta":{"footnotes":""},"categories":[45],"tags":[],"class_list":{"0":"post-145907","1":"post","2":"type-post","3":"status-publish","4":"format-standard","5":"has-post-thumbnail","7":"category-locales"},"_links":{"self":[{"href":"https:\/\/revistaesperanzas.com\/web\/wp-json\/wp\/v2\/posts\/145907","targetHints":{"allow":["GET"]}}],"collection":[{"href":"https:\/\/revistaesperanzas.com\/web\/wp-json\/wp\/v2\/posts"}],"about":[{"href":"https:\/\/revistaesperanzas.com\/web\/wp-json\/wp\/v2\/types\/post"}],"author":[{"embeddable":true,"href":"https:\/\/revistaesperanzas.com\/web\/wp-json\/wp\/v2\/users\/4"}],"replies":[{"embeddable":true,"href":"https:\/\/revistaesperanzas.com\/web\/wp-json\/wp\/v2\/comments?post=145907"}],"version-history":[{"count":1,"href":"https:\/\/revistaesperanzas.com\/web\/wp-json\/wp\/v2\/posts\/145907\/revisions"}],"predecessor-version":[{"id":145909,"href":"https:\/\/revistaesperanzas.com\/web\/wp-json\/wp\/v2\/posts\/145907\/revisions\/145909"}],"wp:featuredmedia":[{"embeddable":true,"href":"https:\/\/revistaesperanzas.com\/web\/wp-json\/wp\/v2\/media\/145908"}],"wp:attachment":[{"href":"https:\/\/revistaesperanzas.com\/web\/wp-json\/wp\/v2\/media?parent=145907"}],"wp:term":[{"taxonomy":"category","embeddable":true,"href":"https:\/\/revistaesperanzas.com\/web\/wp-json\/wp\/v2\/categories?post=145907"},{"taxonomy":"post_tag","embeddable":true,"href":"https:\/\/revistaesperanzas.com\/web\/wp-json\/wp\/v2\/tags?post=145907"}],"curies":[{"name":"wp","href":"https:\/\/api.w.org\/{rel}","templated":true}]}}