{"id":145911,"date":"2026-03-04T09:41:39","date_gmt":"2026-03-04T12:41:39","guid":{"rendered":"https:\/\/revistaesperanzas.com\/web\/?p=145911"},"modified":"2026-03-04T09:41:39","modified_gmt":"2026-03-04T12:41:39","slug":"y-todo-comenzo-en-un-colectivo-de-larga-distancia","status":"publish","type":"post","link":"https:\/\/revistaesperanzas.com\/web\/2026\/03\/y-todo-comenzo-en-un-colectivo-de-larga-distancia\/","title":{"rendered":"Y . . . TODO COMENZ\u00d3 EN UN COLECTIVO DE LARGA DISTANCIA"},"content":{"rendered":"<p>SANTO TOME\u00a0 &#8211; &#8211;\u00a0 Investigan un confuso episodio<\/p>\n<p>Efectivos Policiales de la Comisar\u00eda de la Mujer de la localidad de Santo Tome, en colaboraci\u00f3n con la fiscal\u00eda local, llevan adelante diligencias investigativas en torno a un confuso episodio ocurrido recientemente en un colectivo de viajes.<\/p>\n<p>Seg\u00fan las primeras diligencias y a las que se pueden dan a conocer por el tenor de la investigaci\u00f3n, la cual se habr\u00eda dado ayer, cuando en un micro de pasajeros en el que se transportaban varios pasajeros cuando una jovencita que venia viajando sentada junto a un hombre (funcionario policial uniformado) al levantarse este \u00faltimo de su asiento para retirar su bolso, esta joven afirmo que el mismo le habr\u00eda rosado con su mano su pierna por lo que comento de esta situaci\u00f3n a un familiar que viajaba junto a esta joven, quien de forma sorpresiva habr\u00eda agredido con un golpe de pu\u00f1o al funcionario, quien para evitar que esta situaci\u00f3n pase a mayores, opto por descender del micro y poner en conocimiento de esta situaci\u00f3n al personal policial de esa localidad, poni\u00e9ndose desde un primer momento a disposici\u00f3n de la justicia en el caso que requieran que comparezca o no ante la misma.<\/p>\n<p>A ra\u00edz de esta situaci\u00f3n la madre de esta joven radico una denuncia ante la mencionada comisaria, por lo que las autoridades judiciales locales ordenaron una serie de pericias para poder avanzar en la investigaci\u00f3n, aclar\u00e1ndose adem\u00e1s que por esta situaci\u00f3n el funcionario a quien se involucra en esta investigaci\u00f3n, no se encuentra privado de su libertad, y desde el primer momento se ha puesto a disposici\u00f3n de la justicia. No obstante a ello como es de costumbre se inici\u00f3 de forma paralela la actuacion administrativa policial, para investigar o no el grado de responsabilidad de este funcionario.<\/p>\n","protected":false},"excerpt":{"rendered":"<p>SANTO TOME\u00a0 &#8211; &#8211;\u00a0 Investigan un confuso episodio Efectivos Policiales de la Comisar\u00eda de la Mujer de la localidad de Santo Tome, en colaboraci\u00f3n con la fiscal\u00eda local, llevan adelante diligencias investigativas en torno a un confuso episodio ocurrido recientemente en un colectivo de viajes. Seg\u00fan las primeras diligencias y a las que se pueden [&hellip;]<\/p>\n","protected":false},"author":4,"featured_media":145912,"comment_status":"closed","ping_status":"closed","sticky":false,"template":"","format":"standard","meta":{"footnotes":""},"categories":[58],"tags":[],"class_list":{"0":"post-145911","1":"post","2":"type-post","3":"status-publish","4":"format-standard","5":"has-post-thumbnail","7":"category-corrientes"},"_links":{"self":[{"href":"https:\/\/revistaesperanzas.com\/web\/wp-json\/wp\/v2\/posts\/145911","targetHints":{"allow":["GET"]}}],"collection":[{"href":"https:\/\/revistaesperanzas.com\/web\/wp-json\/wp\/v2\/posts"}],"about":[{"href":"https:\/\/revistaesperanzas.com\/web\/wp-json\/wp\/v2\/types\/post"}],"author":[{"embeddable":true,"href":"https:\/\/revistaesperanzas.com\/web\/wp-json\/wp\/v2\/users\/4"}],"replies":[{"embeddable":true,"href":"https:\/\/revistaesperanzas.com\/web\/wp-json\/wp\/v2\/comments?post=145911"}],"version-history":[{"count":1,"href":"https:\/\/revistaesperanzas.com\/web\/wp-json\/wp\/v2\/posts\/145911\/revisions"}],"predecessor-version":[{"id":145913,"href":"https:\/\/revistaesperanzas.com\/web\/wp-json\/wp\/v2\/posts\/145911\/revisions\/145913"}],"wp:featuredmedia":[{"embeddable":true,"href":"https:\/\/revistaesperanzas.com\/web\/wp-json\/wp\/v2\/media\/145912"}],"wp:attachment":[{"href":"https:\/\/revistaesperanzas.com\/web\/wp-json\/wp\/v2\/media?parent=145911"}],"wp:term":[{"taxonomy":"category","embeddable":true,"href":"https:\/\/revistaesperanzas.com\/web\/wp-json\/wp\/v2\/categories?post=145911"},{"taxonomy":"post_tag","embeddable":true,"href":"https:\/\/revistaesperanzas.com\/web\/wp-json\/wp\/v2\/tags?post=145911"}],"curies":[{"name":"wp","href":"https:\/\/api.w.org\/{rel}","templated":true}]}}