{"id":145914,"date":"2026-03-04T09:45:05","date_gmt":"2026-03-04T12:45:05","guid":{"rendered":"https:\/\/revistaesperanzas.com\/web\/?p=145914"},"modified":"2026-03-04T09:45:05","modified_gmt":"2026-03-04T12:45:05","slug":"se-escapo-de-santa-fe-y-lo-detiienen-en-corrientes","status":"publish","type":"post","link":"https:\/\/revistaesperanzas.com\/web\/2026\/03\/se-escapo-de-santa-fe-y-lo-detiienen-en-corrientes\/","title":{"rendered":"SE ESCAP\u00d3 DE SANTA FE Y LO DETIIENEN EN CORRIENTES"},"content":{"rendered":"<p>ITUZAINGO\u00a0 &#8211;\u00a0 La Polic\u00eda detuvo a un hombre con pedido de captura por parte de las autoridades de la Provincia de Santa Fe<\/p>\n<p>Efectivos policiales dependientes de la Comisaria de Distrito Primera y Comisaria de la Mujer y el Menor de Ituzaing\u00f3, dieron cumplimento en la jornada DEL 03-03-26 a una orden de allanamiento en el cual lograron la detenci\u00f3n de un hombre mayor de edad quien pose\u00eda pedido de captura por parte de las autoridades de la Provincia de Santa Fe.<\/p>\n<p>El procedimiento, lo concretaron los mencionados efectivos en un domicilio ubicado por Calle 3 de Abril al 2800 aproximadamente, oportunidad en que identificaron y detuvieron a un hombre de 36 a\u00f1os de edad.<\/p>\n<p>El detenido, fue puesto a disposici\u00f3n de las autoridades judiciales correspondiente y trasladado hasta la alcaid\u00eda de la citada comisaria, donde se llevan a cabo las diligencias del caso.<\/p>\n","protected":false},"excerpt":{"rendered":"<p>ITUZAINGO\u00a0 &#8211;\u00a0 La Polic\u00eda detuvo a un hombre con pedido de captura por parte de las autoridades de la Provincia de Santa Fe Efectivos policiales dependientes de la Comisaria de Distrito Primera y Comisaria de la Mujer y el Menor de Ituzaing\u00f3, dieron cumplimento en la jornada DEL 03-03-26 a una orden de allanamiento en [&hellip;]<\/p>\n","protected":false},"author":4,"featured_media":145915,"comment_status":"closed","ping_status":"closed","sticky":false,"template":"","format":"standard","meta":{"footnotes":""},"categories":[58],"tags":[],"class_list":{"0":"post-145914","1":"post","2":"type-post","3":"status-publish","4":"format-standard","5":"has-post-thumbnail","7":"category-corrientes"},"_links":{"self":[{"href":"https:\/\/revistaesperanzas.com\/web\/wp-json\/wp\/v2\/posts\/145914","targetHints":{"allow":["GET"]}}],"collection":[{"href":"https:\/\/revistaesperanzas.com\/web\/wp-json\/wp\/v2\/posts"}],"about":[{"href":"https:\/\/revistaesperanzas.com\/web\/wp-json\/wp\/v2\/types\/post"}],"author":[{"embeddable":true,"href":"https:\/\/revistaesperanzas.com\/web\/wp-json\/wp\/v2\/users\/4"}],"replies":[{"embeddable":true,"href":"https:\/\/revistaesperanzas.com\/web\/wp-json\/wp\/v2\/comments?post=145914"}],"version-history":[{"count":1,"href":"https:\/\/revistaesperanzas.com\/web\/wp-json\/wp\/v2\/posts\/145914\/revisions"}],"predecessor-version":[{"id":145916,"href":"https:\/\/revistaesperanzas.com\/web\/wp-json\/wp\/v2\/posts\/145914\/revisions\/145916"}],"wp:featuredmedia":[{"embeddable":true,"href":"https:\/\/revistaesperanzas.com\/web\/wp-json\/wp\/v2\/media\/145915"}],"wp:attachment":[{"href":"https:\/\/revistaesperanzas.com\/web\/wp-json\/wp\/v2\/media?parent=145914"}],"wp:term":[{"taxonomy":"category","embeddable":true,"href":"https:\/\/revistaesperanzas.com\/web\/wp-json\/wp\/v2\/categories?post=145914"},{"taxonomy":"post_tag","embeddable":true,"href":"https:\/\/revistaesperanzas.com\/web\/wp-json\/wp\/v2\/tags?post=145914"}],"curies":[{"name":"wp","href":"https:\/\/api.w.org\/{rel}","templated":true}]}}