{"id":145917,"date":"2026-03-04T09:50:31","date_gmt":"2026-03-04T12:50:31","guid":{"rendered":"https:\/\/revistaesperanzas.com\/web\/?p=145917"},"modified":"2026-03-04T09:50:31","modified_gmt":"2026-03-04T12:50:31","slug":"un-siniestro-vial-deja-como-saldo-una-persona-fallecida-en-un-accidente-en-la-ruta-nac-14","status":"publish","type":"post","link":"https:\/\/revistaesperanzas.com\/web\/2026\/03\/un-siniestro-vial-deja-como-saldo-una-persona-fallecida-en-un-accidente-en-la-ruta-nac-14\/","title":{"rendered":"UN SINIESTRO VIAL DEJA COMO SALDO UNA PERSONA FALLECIDA EN UN ACCIDENTE EN LA RUTA NAC 14"},"content":{"rendered":"<p>LA CRUZ\u00a0 &#8211;\u00a0 Siniestro vial con consecuencia fatal<\/p>\n<p>En horas de la noche de ayer 03-03-26, alrededor de las 20.00horas por Ruta Nacional N\u00b014 km 586 aproximadamente, se habr\u00eda registrado un siniestro vial con consecuencia fatal.<\/p>\n<p>Conforme a las primeras averiguaciones, el siniestro tuvo como protagonista a un cami\u00f3n conducido por un hombre de apellido Kohl de 47 a\u00f1os de edad y un autom\u00f3vil -marca Chevrolet Astra- conducido por un hombre de apellidos Segovia Cabral -mayor de edad-.<\/p>\n<p>A consecuencia del mismo, el conductor del rodado menor habr\u00eda fallecido en el lugar, en tanto, la otra persona debi\u00f3 ser trasladada al hospital local, donde tras ser examinado se determino que presentaba lesiones de menor consideraci\u00f3n.<\/p>\n<p>En el lugar se realizaron las diligencias correspondientes con intervenci\u00f3n de la unidad fiscal en turno, en tanto, en la Comisar\u00eda de distrito La Cruz, se prosigue con los tr\u00e1mites que corresponden.<\/p>\n","protected":false},"excerpt":{"rendered":"<p>LA CRUZ\u00a0 &#8211;\u00a0 Siniestro vial con consecuencia fatal En horas de la noche de ayer 03-03-26, alrededor de las 20.00horas por Ruta Nacional N\u00b014 km 586 aproximadamente, se habr\u00eda registrado un siniestro vial con consecuencia fatal. Conforme a las primeras averiguaciones, el siniestro tuvo como protagonista a un cami\u00f3n conducido por un hombre de apellido [&hellip;]<\/p>\n","protected":false},"author":4,"featured_media":145918,"comment_status":"closed","ping_status":"closed","sticky":false,"template":"","format":"standard","meta":{"footnotes":""},"categories":[58],"tags":[],"class_list":{"0":"post-145917","1":"post","2":"type-post","3":"status-publish","4":"format-standard","5":"has-post-thumbnail","7":"category-corrientes"},"_links":{"self":[{"href":"https:\/\/revistaesperanzas.com\/web\/wp-json\/wp\/v2\/posts\/145917","targetHints":{"allow":["GET"]}}],"collection":[{"href":"https:\/\/revistaesperanzas.com\/web\/wp-json\/wp\/v2\/posts"}],"about":[{"href":"https:\/\/revistaesperanzas.com\/web\/wp-json\/wp\/v2\/types\/post"}],"author":[{"embeddable":true,"href":"https:\/\/revistaesperanzas.com\/web\/wp-json\/wp\/v2\/users\/4"}],"replies":[{"embeddable":true,"href":"https:\/\/revistaesperanzas.com\/web\/wp-json\/wp\/v2\/comments?post=145917"}],"version-history":[{"count":1,"href":"https:\/\/revistaesperanzas.com\/web\/wp-json\/wp\/v2\/posts\/145917\/revisions"}],"predecessor-version":[{"id":145919,"href":"https:\/\/revistaesperanzas.com\/web\/wp-json\/wp\/v2\/posts\/145917\/revisions\/145919"}],"wp:featuredmedia":[{"embeddable":true,"href":"https:\/\/revistaesperanzas.com\/web\/wp-json\/wp\/v2\/media\/145918"}],"wp:attachment":[{"href":"https:\/\/revistaesperanzas.com\/web\/wp-json\/wp\/v2\/media?parent=145917"}],"wp:term":[{"taxonomy":"category","embeddable":true,"href":"https:\/\/revistaesperanzas.com\/web\/wp-json\/wp\/v2\/categories?post=145917"},{"taxonomy":"post_tag","embeddable":true,"href":"https:\/\/revistaesperanzas.com\/web\/wp-json\/wp\/v2\/tags?post=145917"}],"curies":[{"name":"wp","href":"https:\/\/api.w.org\/{rel}","templated":true}]}}