{"id":145926,"date":"2026-03-04T09:59:00","date_gmt":"2026-03-04T12:59:00","guid":{"rendered":"https:\/\/revistaesperanzas.com\/web\/?p=145926"},"modified":"2026-03-04T09:59:00","modified_gmt":"2026-03-04T12:59:00","slug":"8-de-marzo-dia-internacional-de-la-mujer","status":"publish","type":"post","link":"https:\/\/revistaesperanzas.com\/web\/2026\/03\/8-de-marzo-dia-internacional-de-la-mujer\/","title":{"rendered":"8 DE MARZO D\u00cdA INTERNACIONAL DE LA MUJER"},"content":{"rendered":"<p style=\"font-weight: 400;\">Mujeres que impulsan: liderazgo y emprendimiento.<\/p>\n<p style=\"font-weight: 400;\">Cada mujer lleva dentro una historia de esfuerzo y superaci\u00f3n.<\/p>\n<p style=\"font-weight: 400;\">La Municipalidad de Goya por medio de la Secretar\u00eda de Desarrollo Humano, desde la Direcci\u00f3n de Promoci\u00f3n Social, organiza un encuentro para celebrar juntas estas historias, el domingo 8 de marzo desde las 17 horas, en el Club Hurac\u00e1n.<\/p>\n<p style=\"font-weight: 400;\">MUJERES QUE EMPRENDEN, MUJERES QUE TRANSFORMAN<a href=\"https:\/\/revistaesperanzas.com\/web\/2026\/03\/8-de-marzo-dia-internacional-de-la-mujer\/mujeres-que-impulsan-flyr-2\/\" rel=\"attachment wp-att-145928\"><img loading=\"lazy\" decoding=\"async\" class=\" wp-image-145928 alignright\" src=\"https:\/\/revistaesperanzas.com\/web\/wp-content\/uploads\/2026\/03\/mujeres-que-impulsan-flyr-2.jpg\" alt=\"\" width=\"500\" height=\"625\" srcset=\"https:\/\/revistaesperanzas.com\/web\/wp-content\/uploads\/2026\/03\/mujeres-que-impulsan-flyr-2.jpg 600w, https:\/\/revistaesperanzas.com\/web\/wp-content\/uploads\/2026\/03\/mujeres-que-impulsan-flyr-2-336x420.jpg 336w\" sizes=\"auto, (max-width: 500px) 100vw, 500px\" \/><\/a><\/p>\n<p style=\"font-weight: 400;\">La invitaci\u00f3n para el mencionado encuentro, se\u00f1ala: \u00a08 de marzo queremos celebrar a las mujeres que se animan, las que sue\u00f1an en grande, las que crean, reinventan y no se rinden.<\/p>\n<p style=\"font-weight: 400;\">Si sos emprendedora, este encuentro es para vos, para conectar, inspirarte, mostrar tu proyecto con orgullo y rodearte de mujeres que, como vos, van por m\u00e1s.<\/p>\n<p style=\"font-weight: 400;\">Porque no competimos, nos potenciamos, juntas somos m\u00e1s fuertes, tu emprendimiento merece ser visto.<\/p>\n<p style=\"font-weight: 400;\">Sumate. Trae tu energ\u00eda. Hagamos red. Se parte de este espacio pensado para crecer juntas.<\/p>\n<p style=\"font-weight: 400;\">MUJERES QUE IMPULSAN:<\/p>\n<p style=\"font-weight: 400;\">Un encuentro de emprendedoras por el 8M<\/p>\n<p style=\"font-weight: 400;\">El domingo 8 de marzo de 2026 se realizar\u00e1 en el Club Hurac\u00e1n el evento \u201cMujeres que impulsan\u201d, una propuesta para conmemorar el D\u00eda Internacional de la Mujer promoviendo el crecimiento del emprendimiento femenino.<\/p>\n<p style=\"font-weight: 400;\">La jornada estar\u00e1 orientada a fortalecer el trabajo en red, fomentando el intercambio de experiencias y la construcci\u00f3n de v\u00ednculos para acompa\u00f1arse y apoyarse en el camino de emprender.<\/p>\n<p style=\"font-weight: 400;\">A trav\u00e9s de din\u00e1micas participativas y espacios de reflexi\u00f3n, el encuentro busca impulsar la confianza, generar alianzas y reafirmar que las mujeres no compiten, sino que crecen juntas.<\/p>\n<p style=\"font-weight: 400;\">La invitaci\u00f3n est\u00e1 abierta a todas las emprendedoras que deseen ser parte de esta experiencia de aprendizaje y construcci\u00f3n colectiva.<\/p>\n","protected":false},"excerpt":{"rendered":"<p>Mujeres que impulsan: liderazgo y emprendimiento. Cada mujer lleva dentro una historia de esfuerzo y superaci\u00f3n. La Municipalidad de Goya por medio de la Secretar\u00eda de Desarrollo Humano, desde la Direcci\u00f3n de Promoci\u00f3n Social, organiza un encuentro para celebrar juntas estas historias, el domingo 8 de marzo desde las 17 horas, en el Club Hurac\u00e1n. [&hellip;]<\/p>\n","protected":false},"author":4,"featured_media":145927,"comment_status":"closed","ping_status":"closed","sticky":false,"template":"","format":"standard","meta":{"footnotes":""},"categories":[45],"tags":[],"class_list":{"0":"post-145926","1":"post","2":"type-post","3":"status-publish","4":"format-standard","5":"has-post-thumbnail","7":"category-locales"},"_links":{"self":[{"href":"https:\/\/revistaesperanzas.com\/web\/wp-json\/wp\/v2\/posts\/145926","targetHints":{"allow":["GET"]}}],"collection":[{"href":"https:\/\/revistaesperanzas.com\/web\/wp-json\/wp\/v2\/posts"}],"about":[{"href":"https:\/\/revistaesperanzas.com\/web\/wp-json\/wp\/v2\/types\/post"}],"author":[{"embeddable":true,"href":"https:\/\/revistaesperanzas.com\/web\/wp-json\/wp\/v2\/users\/4"}],"replies":[{"embeddable":true,"href":"https:\/\/revistaesperanzas.com\/web\/wp-json\/wp\/v2\/comments?post=145926"}],"version-history":[{"count":2,"href":"https:\/\/revistaesperanzas.com\/web\/wp-json\/wp\/v2\/posts\/145926\/revisions"}],"predecessor-version":[{"id":145930,"href":"https:\/\/revistaesperanzas.com\/web\/wp-json\/wp\/v2\/posts\/145926\/revisions\/145930"}],"wp:featuredmedia":[{"embeddable":true,"href":"https:\/\/revistaesperanzas.com\/web\/wp-json\/wp\/v2\/media\/145927"}],"wp:attachment":[{"href":"https:\/\/revistaesperanzas.com\/web\/wp-json\/wp\/v2\/media?parent=145926"}],"wp:term":[{"taxonomy":"category","embeddable":true,"href":"https:\/\/revistaesperanzas.com\/web\/wp-json\/wp\/v2\/categories?post=145926"},{"taxonomy":"post_tag","embeddable":true,"href":"https:\/\/revistaesperanzas.com\/web\/wp-json\/wp\/v2\/tags?post=145926"}],"curies":[{"name":"wp","href":"https:\/\/api.w.org\/{rel}","templated":true}]}}