{"id":145944,"date":"2026-03-04T10:13:56","date_gmt":"2026-03-04T13:13:56","guid":{"rendered":"https:\/\/revistaesperanzas.com\/web\/?p=145944"},"modified":"2026-03-04T10:13:56","modified_gmt":"2026-03-04T13:13:56","slug":"oferta-para-completar-la-educacion-primaria","status":"publish","type":"post","link":"https:\/\/revistaesperanzas.com\/web\/2026\/03\/oferta-para-completar-la-educacion-primaria\/","title":{"rendered":"OFERTA PARA COMPLETAR LA EDUCACI\u00d3N PRIMARIA"},"content":{"rendered":"<p style=\"font-weight: 400;\">En la Biblioteca Marta Elgul de Par\u00eds, en el barrio Bicentenario, se brinda la posibilidad de finalizar la educaci\u00f3n primaria.<\/p>\n<p style=\"font-weight: 400;\">\u00a0Las clases se ofrecer\u00e1n en horario de 14 a 17, sin l\u00edmite de edad en esta oportunidad, Mayor informaci\u00f3n en la biblioteca del citado barrio.<\/p>\n<p style=\"font-weight: 400;\">Este programa se encuadra en la propuesta educativa de la Escuela Para Adolescentes y Adultos N\u00famero 13.<\/p>\n","protected":false},"excerpt":{"rendered":"<p>En la Biblioteca Marta Elgul de Par\u00eds, en el barrio Bicentenario, se brinda la posibilidad de finalizar la educaci\u00f3n primaria. \u00a0Las clases se ofrecer\u00e1n en horario de 14 a 17, sin l\u00edmite de edad en esta oportunidad, Mayor informaci\u00f3n en la biblioteca del citado barrio. Este programa se encuadra en la propuesta educativa de la [&hellip;]<\/p>\n","protected":false},"author":4,"featured_media":145945,"comment_status":"closed","ping_status":"closed","sticky":false,"template":"","format":"standard","meta":{"footnotes":""},"categories":[45],"tags":[],"class_list":{"0":"post-145944","1":"post","2":"type-post","3":"status-publish","4":"format-standard","5":"has-post-thumbnail","7":"category-locales"},"_links":{"self":[{"href":"https:\/\/revistaesperanzas.com\/web\/wp-json\/wp\/v2\/posts\/145944","targetHints":{"allow":["GET"]}}],"collection":[{"href":"https:\/\/revistaesperanzas.com\/web\/wp-json\/wp\/v2\/posts"}],"about":[{"href":"https:\/\/revistaesperanzas.com\/web\/wp-json\/wp\/v2\/types\/post"}],"author":[{"embeddable":true,"href":"https:\/\/revistaesperanzas.com\/web\/wp-json\/wp\/v2\/users\/4"}],"replies":[{"embeddable":true,"href":"https:\/\/revistaesperanzas.com\/web\/wp-json\/wp\/v2\/comments?post=145944"}],"version-history":[{"count":1,"href":"https:\/\/revistaesperanzas.com\/web\/wp-json\/wp\/v2\/posts\/145944\/revisions"}],"predecessor-version":[{"id":145946,"href":"https:\/\/revistaesperanzas.com\/web\/wp-json\/wp\/v2\/posts\/145944\/revisions\/145946"}],"wp:featuredmedia":[{"embeddable":true,"href":"https:\/\/revistaesperanzas.com\/web\/wp-json\/wp\/v2\/media\/145945"}],"wp:attachment":[{"href":"https:\/\/revistaesperanzas.com\/web\/wp-json\/wp\/v2\/media?parent=145944"}],"wp:term":[{"taxonomy":"category","embeddable":true,"href":"https:\/\/revistaesperanzas.com\/web\/wp-json\/wp\/v2\/categories?post=145944"},{"taxonomy":"post_tag","embeddable":true,"href":"https:\/\/revistaesperanzas.com\/web\/wp-json\/wp\/v2\/tags?post=145944"}],"curies":[{"name":"wp","href":"https:\/\/api.w.org\/{rel}","templated":true}]}}