{"id":145948,"date":"2026-03-04T18:44:55","date_gmt":"2026-03-04T21:44:55","guid":{"rendered":"https:\/\/revistaesperanzas.com\/web\/?p=145948"},"modified":"2026-03-04T18:44:55","modified_gmt":"2026-03-04T21:44:55","slug":"otra-vez-una-moto-su-conductor-pierde-la-vida","status":"publish","type":"post","link":"https:\/\/revistaesperanzas.com\/web\/2026\/03\/otra-vez-una-moto-su-conductor-pierde-la-vida\/","title":{"rendered":"OTRA VEZ &#8220;UNA MOTO&#8221; . . . . SU CONDUCTOR PIERDE LA VIDA"},"content":{"rendered":"<p>9 DE JULIO ( Informaci\u00f3n inicial)\u00a0 &#8211;\u00a0 Siniestro vial con consecuencia fatal<\/p>\n<p>En horas de la ma\u00f1ana de hoy 04-03-26, efectivos policiales de la Comisar\u00eda de distrito 9 de Julio tomaron conocimiento que por Ruta Nacional N\u00b0123 km 36\/8 aproximadamente, se<a href=\"https:\/\/revistaesperanzas.com\/web\/2026\/03\/otra-vez-una-moto-su-conductor-pierde-la-vida\/accidente-fatal-2\/\" rel=\"attachment wp-att-145950\"><img loading=\"lazy\" decoding=\"async\" class=\" wp-image-145950 alignleft\" src=\"https:\/\/revistaesperanzas.com\/web\/wp-content\/uploads\/2026\/03\/accidente-fatal.jpg\" alt=\"\" width=\"451\" height=\"308\" srcset=\"https:\/\/revistaesperanzas.com\/web\/wp-content\/uploads\/2026\/03\/accidente-fatal.jpg 600w, https:\/\/revistaesperanzas.com\/web\/wp-content\/uploads\/2026\/03\/accidente-fatal-218x150.jpg 218w\" sizes=\"auto, (max-width: 451px) 100vw, 451px\" \/><\/a> habr\u00eda registrado un siniestro vial con consecuencia fatal.<\/p>\n<p>Conforme a las primeras averiguaciones e informaci\u00f3n inicial, el siniestro tuvo como protagonistas a un autom\u00f3vil \u2013marca Volskwagen T-cross- y una moto -marca Honda-.<\/p>\n<p>El veh\u00edculo mayor era conducido por un hombre de apellido Silva -36 a\u00f1os de edad-, acompa\u00f1ado de una mujer mayor de edad ,ientras que la<a href=\"https:\/\/revistaesperanzas.com\/web\/2026\/03\/otra-vez-una-moto-su-conductor-pierde-la-vida\/choque-de-moto-y-auto-2\/\" rel=\"attachment wp-att-145951\"><img loading=\"lazy\" decoding=\"async\" class=\" wp-image-145951 alignright\" src=\"https:\/\/revistaesperanzas.com\/web\/wp-content\/uploads\/2026\/03\/choque-de-moto-y-auto.jpg\" alt=\"\" width=\"449\" height=\"307\" srcset=\"https:\/\/revistaesperanzas.com\/web\/wp-content\/uploads\/2026\/03\/choque-de-moto-y-auto.jpg 600w, https:\/\/revistaesperanzas.com\/web\/wp-content\/uploads\/2026\/03\/choque-de-moto-y-auto-218x150.jpg 218w\" sizes=\"auto, (max-width: 449px) 100vw, 449px\" \/><\/a> motocicleta \u2013marca Honda- era conducida por un hombre mayor de edad, quien habr\u00eda fallecido en el lugar y hasta el momento no ha sido debidamente identificado.<\/p>\n<p>En el lugar se realizaron las diligencias del caso, con intervenci\u00f3n de la unidad fiscal en turno, en tanto, en la citada dependencia policial se prosigue con los tramites del caso.<\/p>\n","protected":false},"excerpt":{"rendered":"<p>9 DE JULIO ( Informaci\u00f3n inicial)\u00a0 &#8211;\u00a0 Siniestro vial con consecuencia fatal En horas de la ma\u00f1ana de hoy 04-03-26, efectivos policiales de la Comisar\u00eda de distrito 9 de Julio tomaron conocimiento que por Ruta Nacional N\u00b0123 km 36\/8 aproximadamente, se habr\u00eda registrado un siniestro vial con consecuencia fatal. Conforme a las primeras averiguaciones e [&hellip;]<\/p>\n","protected":false},"author":4,"featured_media":145949,"comment_status":"closed","ping_status":"closed","sticky":false,"template":"","format":"standard","meta":{"footnotes":""},"categories":[58],"tags":[],"class_list":{"0":"post-145948","1":"post","2":"type-post","3":"status-publish","4":"format-standard","5":"has-post-thumbnail","7":"category-corrientes"},"_links":{"self":[{"href":"https:\/\/revistaesperanzas.com\/web\/wp-json\/wp\/v2\/posts\/145948","targetHints":{"allow":["GET"]}}],"collection":[{"href":"https:\/\/revistaesperanzas.com\/web\/wp-json\/wp\/v2\/posts"}],"about":[{"href":"https:\/\/revistaesperanzas.com\/web\/wp-json\/wp\/v2\/types\/post"}],"author":[{"embeddable":true,"href":"https:\/\/revistaesperanzas.com\/web\/wp-json\/wp\/v2\/users\/4"}],"replies":[{"embeddable":true,"href":"https:\/\/revistaesperanzas.com\/web\/wp-json\/wp\/v2\/comments?post=145948"}],"version-history":[{"count":2,"href":"https:\/\/revistaesperanzas.com\/web\/wp-json\/wp\/v2\/posts\/145948\/revisions"}],"predecessor-version":[{"id":145953,"href":"https:\/\/revistaesperanzas.com\/web\/wp-json\/wp\/v2\/posts\/145948\/revisions\/145953"}],"wp:featuredmedia":[{"embeddable":true,"href":"https:\/\/revistaesperanzas.com\/web\/wp-json\/wp\/v2\/media\/145949"}],"wp:attachment":[{"href":"https:\/\/revistaesperanzas.com\/web\/wp-json\/wp\/v2\/media?parent=145948"}],"wp:term":[{"taxonomy":"category","embeddable":true,"href":"https:\/\/revistaesperanzas.com\/web\/wp-json\/wp\/v2\/categories?post=145948"},{"taxonomy":"post_tag","embeddable":true,"href":"https:\/\/revistaesperanzas.com\/web\/wp-json\/wp\/v2\/tags?post=145948"}],"curies":[{"name":"wp","href":"https:\/\/api.w.org\/{rel}","templated":true}]}}