{"id":145962,"date":"2026-03-04T21:15:35","date_gmt":"2026-03-05T00:15:35","guid":{"rendered":"https:\/\/revistaesperanzas.com\/web\/?p=145962"},"modified":"2026-03-04T21:15:35","modified_gmt":"2026-03-05T00:15:35","slug":"preocupacion-en-goya-por-el-aumento-de-casos-de-sifilis-y-la-obesidad-infantil","status":"publish","type":"post","link":"https:\/\/revistaesperanzas.com\/web\/2026\/03\/preocupacion-en-goya-por-el-aumento-de-casos-de-sifilis-y-la-obesidad-infantil\/","title":{"rendered":"PREOCUPACI\u00d3N EN GOYA POR EL AUMENTO DE CASOS DE S\u00cdFILIS Y LA OBESIDAD INFANTIL"},"content":{"rendered":"<p style=\"font-weight: 400;\">El subsecretario de Atenci\u00f3n Primaria de la Salud de la Municipalidad de Goya, doctor Emilio Mart\u00ednez, advirti\u00f3 sobre el crecimiento de casos de s\u00edfilis en adultos j\u00f3venes, adolescentes y embarazadas, y remarc\u00f3 la necesidad de reforzar la prevenci\u00f3n y los controles m\u00e9dicos. En el marco del D\u00eda Mundial contra la Obesidad, tambi\u00e9n llam\u00f3 a combatir el sedentarismo infantil y el exceso de pantallas con m\u00e1s actividad f\u00edsica y acompa\u00f1amiento familiar.<\/p>\n<p style=\"font-weight: 400;\">En Argentina, los casos de s\u00edfilis est\u00e1n en aumento, y no es un dato menor.<\/p>\n<p style=\"font-weight: 400;\">La s\u00edfilis es una infecci\u00f3n de transmisi\u00f3n sexual que muchas veces no presenta s\u00edntomas en sus primeras etapas, pero puede traer consecuencias graves si no se detecta y trata a tiempo.<\/p>\n<p style=\"font-weight: 400;\">\u201cHa aumentado los casos de s\u00edfilis, sobre todo en adultos j\u00f3venes, adolescentes y<a href=\"https:\/\/revistaesperanzas.com\/web\/2026\/03\/preocupacion-en-goya-por-el-aumento-de-casos-de-sifilis-y-la-obesidad-infantil\/aps-2\/\" rel=\"attachment wp-att-145964\"><img loading=\"lazy\" decoding=\"async\" class=\" wp-image-145964 alignright\" src=\"https:\/\/revistaesperanzas.com\/web\/wp-content\/uploads\/2026\/03\/APS-2.jpeg\" alt=\"\" width=\"540\" height=\"675\" srcset=\"https:\/\/revistaesperanzas.com\/web\/wp-content\/uploads\/2026\/03\/APS-2.jpeg 600w, https:\/\/revistaesperanzas.com\/web\/wp-content\/uploads\/2026\/03\/APS-2-336x420.jpeg 336w\" sizes=\"auto, (max-width: 540px) 100vw, 540px\" \/><\/a> embarazadas\u201d sum\u00f3.<\/p>\n<p style=\"font-weight: 400;\">\u00bfPor qu\u00e9 est\u00e1 aumentando?<\/p>\n<p style=\"font-weight: 400;\">&#8211;\u00a0\u00a0\u00a0\u00a0\u00a0 Menor uso de preservativo.<\/p>\n<p style=\"font-weight: 400;\">&#8211;\u00a0\u00a0\u00a0\u00a0\u00a0 Falsa sensaci\u00f3n de que las ITS ya no representan un riesgo.<\/p>\n<p style=\"font-weight: 400;\">&#8211;\u00a0\u00a0\u00a0\u00a0\u00a0 Falta de controles m\u00e9dicos peri\u00f3dicos.<\/p>\n<p style=\"font-weight: 400;\">Uno de los datos m\u00e1s preocupantes es el aumento de casos en mujeres embarazadas, lo que puede afectar directamente al beb\u00e9.<\/p>\n<p style=\"font-weight: 400;\">La buena noticia es que la s\u00edfilis se detecta con un an\u00e1lisis simple y tiene tratamiento efectivo. Pero es fundamental realizarse los controles.<\/p>\n<p style=\"font-weight: 400;\">Desde la Subsecretar\u00eda de Salud seguimos trabajando en prevenci\u00f3n, concientizaci\u00f3n y acceso a controles para toda la comunidad.<\/p>\n<p style=\"font-weight: 400;\">Prevenci\u00f3n, preservativo y chequeos m\u00e9dicos peri\u00f3dicos. La salud sexual tambi\u00e9n es salud p\u00fablica.<\/p>\n<p style=\"font-weight: 400;\">Adelant\u00f3 que se est\u00e1 analizando un trabajo de concientizaci\u00f3n con talleres y charlas en colegios, con la Secretaria de Educaci\u00f3n, para abordar esta problem\u00e1tica \u201cas\u00ed que vamos a trabajar fuertemente en esto\u201d.<\/p>\n<p style=\"font-weight: 400;\">OBESIDAD INFANTIL<\/p>\n<p style=\"font-weight: 400;\">En la parte final, el subsecretario de APS realiz\u00f3 consideraciones sobre la preocupaci\u00f3n por el exceso de peso en la infancia, hecho que vuelve a ocupar un lugar central en la conversaci\u00f3n sobre salud p\u00fablica.<\/p>\n<p style=\"font-weight: 400;\">Aprovech\u00f3 la oportunidad para recordar que hoy 4 de marzo: D\u00eda Mundial contra la Obesidad, es una oportunidad para recordar que una detecci\u00f3n temprana y un acompa\u00f1amiento adecuado pueden mejorar el bienestar del ni\u00f1o en el presente y reducir riesgos a medio y largo plazo.<\/p>\n<p style=\"font-weight: 400;\">\u201cHoy d\u00eda los excesos frente a las pantallas preocupan a los pediatras, as\u00ed que lo mejor es desarrollar actividad f\u00edsica al aire libre, el deporte y los juegos recreativos. Hay que incentivar a los chicos a volver a la vida con actividades deportivas y la conectividad con otras personas\u201d concluy\u00f3.<\/p>\n<p style=\"font-weight: 400;\">\n","protected":false},"excerpt":{"rendered":"<p>El subsecretario de Atenci\u00f3n Primaria de la Salud de la Municipalidad de Goya, doctor Emilio Mart\u00ednez, advirti\u00f3 sobre el crecimiento de casos de s\u00edfilis en adultos j\u00f3venes, adolescentes y embarazadas, y remarc\u00f3 la necesidad de reforzar la prevenci\u00f3n y los controles m\u00e9dicos. En el marco del D\u00eda Mundial contra la Obesidad, tambi\u00e9n llam\u00f3 a combatir [&hellip;]<\/p>\n","protected":false},"author":4,"featured_media":145963,"comment_status":"closed","ping_status":"closed","sticky":false,"template":"","format":"standard","meta":{"footnotes":""},"categories":[45],"tags":[],"class_list":{"0":"post-145962","1":"post","2":"type-post","3":"status-publish","4":"format-standard","5":"has-post-thumbnail","7":"category-locales"},"_links":{"self":[{"href":"https:\/\/revistaesperanzas.com\/web\/wp-json\/wp\/v2\/posts\/145962","targetHints":{"allow":["GET"]}}],"collection":[{"href":"https:\/\/revistaesperanzas.com\/web\/wp-json\/wp\/v2\/posts"}],"about":[{"href":"https:\/\/revistaesperanzas.com\/web\/wp-json\/wp\/v2\/types\/post"}],"author":[{"embeddable":true,"href":"https:\/\/revistaesperanzas.com\/web\/wp-json\/wp\/v2\/users\/4"}],"replies":[{"embeddable":true,"href":"https:\/\/revistaesperanzas.com\/web\/wp-json\/wp\/v2\/comments?post=145962"}],"version-history":[{"count":2,"href":"https:\/\/revistaesperanzas.com\/web\/wp-json\/wp\/v2\/posts\/145962\/revisions"}],"predecessor-version":[{"id":145966,"href":"https:\/\/revistaesperanzas.com\/web\/wp-json\/wp\/v2\/posts\/145962\/revisions\/145966"}],"wp:featuredmedia":[{"embeddable":true,"href":"https:\/\/revistaesperanzas.com\/web\/wp-json\/wp\/v2\/media\/145963"}],"wp:attachment":[{"href":"https:\/\/revistaesperanzas.com\/web\/wp-json\/wp\/v2\/media?parent=145962"}],"wp:term":[{"taxonomy":"category","embeddable":true,"href":"https:\/\/revistaesperanzas.com\/web\/wp-json\/wp\/v2\/categories?post=145962"},{"taxonomy":"post_tag","embeddable":true,"href":"https:\/\/revistaesperanzas.com\/web\/wp-json\/wp\/v2\/tags?post=145962"}],"curies":[{"name":"wp","href":"https:\/\/api.w.org\/{rel}","templated":true}]}}