{"id":145976,"date":"2026-03-04T21:23:36","date_gmt":"2026-03-05T00:23:36","guid":{"rendered":"https:\/\/revistaesperanzas.com\/web\/?p=145976"},"modified":"2026-03-04T21:23:36","modified_gmt":"2026-03-05T00:23:36","slug":"intendente-hormaechea-la-estrategia-es-seducir-a-los-privados-y-mostrarles-las-oportunidades-en-ysoro","status":"publish","type":"post","link":"https:\/\/revistaesperanzas.com\/web\/2026\/03\/intendente-hormaechea-la-estrategia-es-seducir-a-los-privados-y-mostrarles-las-oportunidades-en-ysoro\/","title":{"rendered":"INTENDENTE HORMAECHEA: \u201cLA ESTRATEGIA ES SEDUCIR A LOS PRIVADOS Y MOSTRARLES LAS OPORTUNIDADES EN YSORO\u201d"},"content":{"rendered":"<p style=\"font-weight: 400;\">El intendente Mariano Hormaechea afirm\u00f3 que el camino para potenciar la reserva Ysoro comienza ahora y que la clave est\u00e1 en atraer la inversi\u00f3n privada. \u201cEste es un camino que arranca con esta etapa. La experiencia del Iber\u00e1 llev\u00f3 mucho tiempo para convertirse en lo que es hoy. Lo que tratamos de materializar en la mesa ejecutiva es seducir al privado, mostrarle las alternativas donde pueden invertir y generar oferta. Algunos ya se empiezan a animar, otros estaban desde antes y ahora lo hacen de otra manera. Hay mucho potencial y mucho por desarrollar, y ese es nuestro trabajo: convocar al privado, que conozca, recorra y se anime a invertir\u201d.<a href=\"https:\/\/revistaesperanzas.com\/web\/2026\/03\/intendente-hormaechea-la-estrategia-es-seducir-a-los-privados-y-mostrarles-las-oportunidades-en-ysoro\/ministro-de-turismo-visita-a-goya-conferencia-flotante-con-inendente-y-funcionarios-4\/\" rel=\"attachment wp-att-145978\"><img loading=\"lazy\" decoding=\"async\" class=\"alignnone  wp-image-145978\" src=\"https:\/\/revistaesperanzas.com\/web\/wp-content\/uploads\/2026\/03\/Ministro-de-Turismo-Visita-a-Goya-Conferencia-Flotante-con-Inendente-y-funcionarios-4.jpg\" alt=\"\" width=\"702\" height=\"468\" \/><\/a><\/p>\n<p style=\"font-weight: 400;\">YA HAY OFERTA DEL YSORO<\/p>\n<p style=\"font-weight: 400;\">Por su parte, el secretario de Turismo Sebasti\u00e1n Candia De Biasio, explic\u00f3 con claridad: \u201cEs un espacio natural que, a trav\u00e9s de pol\u00edticas p\u00fablicas, se pone a disposici\u00f3n del ciudadano, tanto del sector privado como del p\u00fablico. La ciudad de Goya viene haciendo la oferta tur\u00edstica, pero antes no ten\u00edamos una normativa que avale la conservaci\u00f3n. Nuestro trabajo es fomentar la inversi\u00f3n privada, que quiera estar presente, y darle la normativa clara para que pueda desarrollarse. Hay pesca deportiva, paseos n\u00e1uticos y muchas cuestiones que se pueden lograr hoy. La normativa es una mirada a futuro para fomentar la llegada del privado en infraestructura y diversidad de oferta, facilitando que la gente disfrute de la gran naturaleza de la reserva Ysoro\u201d.<\/p>\n<p style=\"font-weight: 400;\">PROMOCIONAR EN BRASIL<\/p>\n<p style=\"font-weight: 400;\">Adem\u00e1s, el ministro de Turismo Juan Enrique Braillard Poccard anunci\u00f3 que encabezar\u00e1 una comitiva a la feria de pesca de San Pablo, Brasil, y que se llevar\u00e1 todo el material posible de promoci\u00f3n de la reserva Ysoro: \u201cEs posible que, adem\u00e1s de difundir, podamos tener un lugar para promocionar la reserva. Vamos a aprovechar para mostrar todo lo que tenemos. El pescador tambi\u00e9n viene a disfrutar de la tranquilidad y la naturaleza\u201d, a\u00f1adi\u00f3.<\/p>\n<p style=\"font-weight: 400;\">\u201cEstaremos en un stand de tama\u00f1o importante en San Pablo, acompa\u00f1ados por 22 prestadores de turismo de la provincia. Hemos hecho una convocatoria abierta, pusimos a disposici\u00f3n un colectivo de dos pisos donde ir\u00e1n los prestadores. Esperamos que sea de provecho y que surjan buenos negocios\u201d, dese\u00f3.<\/p>\n","protected":false},"excerpt":{"rendered":"<p>El intendente Mariano Hormaechea afirm\u00f3 que el camino para potenciar la reserva Ysoro comienza ahora y que la clave est\u00e1 en atraer la inversi\u00f3n privada. \u201cEste es un camino que arranca con esta etapa. La experiencia del Iber\u00e1 llev\u00f3 mucho tiempo para convertirse en lo que es hoy. Lo que tratamos de materializar en la [&hellip;]<\/p>\n","protected":false},"author":4,"featured_media":145977,"comment_status":"closed","ping_status":"closed","sticky":false,"template":"","format":"standard","meta":{"footnotes":""},"categories":[45],"tags":[],"class_list":{"0":"post-145976","1":"post","2":"type-post","3":"status-publish","4":"format-standard","5":"has-post-thumbnail","7":"category-locales"},"_links":{"self":[{"href":"https:\/\/revistaesperanzas.com\/web\/wp-json\/wp\/v2\/posts\/145976","targetHints":{"allow":["GET"]}}],"collection":[{"href":"https:\/\/revistaesperanzas.com\/web\/wp-json\/wp\/v2\/posts"}],"about":[{"href":"https:\/\/revistaesperanzas.com\/web\/wp-json\/wp\/v2\/types\/post"}],"author":[{"embeddable":true,"href":"https:\/\/revistaesperanzas.com\/web\/wp-json\/wp\/v2\/users\/4"}],"replies":[{"embeddable":true,"href":"https:\/\/revistaesperanzas.com\/web\/wp-json\/wp\/v2\/comments?post=145976"}],"version-history":[{"count":2,"href":"https:\/\/revistaesperanzas.com\/web\/wp-json\/wp\/v2\/posts\/145976\/revisions"}],"predecessor-version":[{"id":145980,"href":"https:\/\/revistaesperanzas.com\/web\/wp-json\/wp\/v2\/posts\/145976\/revisions\/145980"}],"wp:featuredmedia":[{"embeddable":true,"href":"https:\/\/revistaesperanzas.com\/web\/wp-json\/wp\/v2\/media\/145977"}],"wp:attachment":[{"href":"https:\/\/revistaesperanzas.com\/web\/wp-json\/wp\/v2\/media?parent=145976"}],"wp:term":[{"taxonomy":"category","embeddable":true,"href":"https:\/\/revistaesperanzas.com\/web\/wp-json\/wp\/v2\/categories?post=145976"},{"taxonomy":"post_tag","embeddable":true,"href":"https:\/\/revistaesperanzas.com\/web\/wp-json\/wp\/v2\/tags?post=145976"}],"curies":[{"name":"wp","href":"https:\/\/api.w.org\/{rel}","templated":true}]}}