{"id":145986,"date":"2026-03-04T21:28:14","date_gmt":"2026-03-05T00:28:14","guid":{"rendered":"https:\/\/revistaesperanzas.com\/web\/?p=145986"},"modified":"2026-03-04T21:28:14","modified_gmt":"2026-03-05T00:28:14","slug":"intendente-hormaechea-dijo-que-hay-mucho-por-hacer-y-desarrollar-en-ysoro","status":"publish","type":"post","link":"https:\/\/revistaesperanzas.com\/web\/2026\/03\/intendente-hormaechea-dijo-que-hay-mucho-por-hacer-y-desarrollar-en-ysoro\/","title":{"rendered":"INTENDENTE HORMAECHEA DIJO QUE HAY \u201cMUCHO POR HACER Y DESARROLLAR EN YSORO\u201d"},"content":{"rendered":"<p style=\"font-weight: 400;\">Durante la conferencia concretada en el Museo del Surub\u00ed Oscar &#8220;Pupo&#8221; Mac\u00edas, ubicado en el flotante Coqui Correa, el intendente Mariano Hormaechea afirm\u00f3 que la reserva Ysoro tiene un gran potencial, pero a\u00fan requiere mucho trabajo.<\/p>\n<p style=\"font-weight: 400;\">\u201cTenemos mucho por hacer, por desarrollar, y ah\u00ed est\u00e1 la convocatoria. Tenemos propuestas relacionadas con el r\u00edo, la isla Las Damas, que ya funciona, con su centro de interpretaci\u00f3n y recorridos, pero que sabemos que hay que mejorar. Tambi\u00e9n le planteamos al ministro que hay una cuesti\u00f3n normativa por resolver&#8221;.<a href=\"https:\/\/revistaesperanzas.com\/web\/2026\/03\/intendente-hormaechea-dijo-que-hay-mucho-por-hacer-y-desarrollar-en-ysoro\/whatsapp-image-2026-03-04-at-20-30-23\/\" rel=\"attachment wp-att-145987\"><img loading=\"lazy\" decoding=\"async\" class=\"alignnone  wp-image-145987\" src=\"https:\/\/revistaesperanzas.com\/web\/wp-content\/uploads\/2026\/03\/WhatsApp-Image-2026-03-04-at-20.30.23.jpeg\" alt=\"\" width=\"702\" height=\"467\" \/><\/a><\/p>\n<p style=\"font-weight: 400;\">JORNADA DE TRABAJO<\/p>\n<p style=\"font-weight: 400;\">Por su parte, el ministro Juan Enrique Braillard Poccard inform\u00f3 que \u201cel 17 de marzo damos un puntapi\u00e9 en Capital convocando a todos los secretarios de Turismo de la provincia. Tendremos una jornada de trabajo con la Direcci\u00f3n de Calidad Tur\u00edstica de la Naci\u00f3n, donde vamos a empezar a encarar y aclarar todos estos temas, capacitaciones, el trabajo conjunto con los equipos y con el sector. Siempre destaco la particularidad del turismo, que es la preponderancia del sector privado, no solo el sector p\u00fablico. Tendremos un trabajo durante todo el a\u00f1o, poniendo a disposici\u00f3n el equipo de formaci\u00f3n y capacitaci\u00f3n del sector\u201d.<\/p>\n<p style=\"font-weight: 400;\">Sobre la posibilidad de potenciar el Ysoro con el ecoturismo, Braillard Poccard expres\u00f3: \u201cHay que empezar a convocar desde la Mesa Ejecutiva, a brindar facilidades para incentivar la inversi\u00f3n. Uno no arriesga su patrimonio si no es redituable\u201d.<\/p>\n<p style=\"font-weight: 400;\">\u201cYa tienen los equipos donde estar\u00e1 la casilla del guarda parque, ser\u00e1 el puntapi\u00e9 inicial para tener un lugar donde pueda estar instalado una persona que cuidar\u00e1 y proteger\u00e1. Seguramente tendremos lindas noticias que ir\u00e1n saliendo con el tiempo\u201d, agreg\u00f3.<\/p>\n","protected":false},"excerpt":{"rendered":"<p>Durante la conferencia concretada en el Museo del Surub\u00ed Oscar &#8220;Pupo&#8221; Mac\u00edas, ubicado en el flotante Coqui Correa, el intendente Mariano Hormaechea afirm\u00f3 que la reserva Ysoro tiene un gran potencial, pero a\u00fan requiere mucho trabajo. \u201cTenemos mucho por hacer, por desarrollar, y ah\u00ed est\u00e1 la convocatoria. Tenemos propuestas relacionadas con el r\u00edo, la isla [&hellip;]<\/p>\n","protected":false},"author":4,"featured_media":145972,"comment_status":"closed","ping_status":"closed","sticky":false,"template":"","format":"standard","meta":{"footnotes":""},"categories":[45],"tags":[],"class_list":{"0":"post-145986","1":"post","2":"type-post","3":"status-publish","4":"format-standard","5":"has-post-thumbnail","7":"category-locales"},"_links":{"self":[{"href":"https:\/\/revistaesperanzas.com\/web\/wp-json\/wp\/v2\/posts\/145986","targetHints":{"allow":["GET"]}}],"collection":[{"href":"https:\/\/revistaesperanzas.com\/web\/wp-json\/wp\/v2\/posts"}],"about":[{"href":"https:\/\/revistaesperanzas.com\/web\/wp-json\/wp\/v2\/types\/post"}],"author":[{"embeddable":true,"href":"https:\/\/revistaesperanzas.com\/web\/wp-json\/wp\/v2\/users\/4"}],"replies":[{"embeddable":true,"href":"https:\/\/revistaesperanzas.com\/web\/wp-json\/wp\/v2\/comments?post=145986"}],"version-history":[{"count":2,"href":"https:\/\/revistaesperanzas.com\/web\/wp-json\/wp\/v2\/posts\/145986\/revisions"}],"predecessor-version":[{"id":145989,"href":"https:\/\/revistaesperanzas.com\/web\/wp-json\/wp\/v2\/posts\/145986\/revisions\/145989"}],"wp:featuredmedia":[{"embeddable":true,"href":"https:\/\/revistaesperanzas.com\/web\/wp-json\/wp\/v2\/media\/145972"}],"wp:attachment":[{"href":"https:\/\/revistaesperanzas.com\/web\/wp-json\/wp\/v2\/media?parent=145986"}],"wp:term":[{"taxonomy":"category","embeddable":true,"href":"https:\/\/revistaesperanzas.com\/web\/wp-json\/wp\/v2\/categories?post=145986"},{"taxonomy":"post_tag","embeddable":true,"href":"https:\/\/revistaesperanzas.com\/web\/wp-json\/wp\/v2\/tags?post=145986"}],"curies":[{"name":"wp","href":"https:\/\/api.w.org\/{rel}","templated":true}]}}