{"id":145990,"date":"2026-03-04T21:31:08","date_gmt":"2026-03-05T00:31:08","guid":{"rendered":"https:\/\/revistaesperanzas.com\/web\/?p=145990"},"modified":"2026-03-04T21:31:08","modified_gmt":"2026-03-05T00:31:08","slug":"potenciar-el-turismo-en-ysoro-e-ibera-un-trabajo-conjunto-para-romper-la-estacionalidad","status":"publish","type":"post","link":"https:\/\/revistaesperanzas.com\/web\/2026\/03\/potenciar-el-turismo-en-ysoro-e-ibera-un-trabajo-conjunto-para-romper-la-estacionalidad\/","title":{"rendered":"POTENCIAR EL TURISMO EN YSORO E IBER\u00c1: UN TRABAJO CONJUNTO PARA ROMPER LA ESTACIONALIDAD"},"content":{"rendered":"<p style=\"font-weight: 400;\">El ministro de Turismo Juan Enrique Braillard Poccard expres\u00f3 que es posible un trabajo en conjunto con la reserva Ibera y la reserva Ysoro, para potenciar el turismo.<\/p>\n<p style=\"font-weight: 400;\">\u00a0En una conferencia de prensa que se hizo este mi\u00e9rcoles en la que se abordaron las oportunidades de desarrollo de la reserva Ysoro, se le plante\u00f3 al ministro de Turismo la posibilidad de articular esfuerzos con la reserva del Iber\u00e1, con el objetivo de convertir a la regi\u00f3n en un destino tur\u00edstico de todo el a\u00f1o y romper con la estacionalidad que caracteriza a muchas actividades tradicionales.<a href=\"https:\/\/revistaesperanzas.com\/web\/2026\/03\/potenciar-el-turismo-en-ysoro-e-ibera-un-trabajo-conjunto-para-romper-la-estacionalidad\/ministro-de-turismo-braillard-poccard\/\" rel=\"attachment wp-att-145991\"><img loading=\"lazy\" decoding=\"async\" class=\" wp-image-145991 alignright\" src=\"https:\/\/revistaesperanzas.com\/web\/wp-content\/uploads\/2026\/03\/ministro-de-Turismo-Braillard-Poccard.png\" alt=\"\" width=\"500\" height=\"658\" srcset=\"https:\/\/revistaesperanzas.com\/web\/wp-content\/uploads\/2026\/03\/ministro-de-Turismo-Braillard-Poccard.png 600w, https:\/\/revistaesperanzas.com\/web\/wp-content\/uploads\/2026\/03\/ministro-de-Turismo-Braillard-Poccard-319x420.png 319w\" sizes=\"auto, (max-width: 500px) 100vw, 500px\" \/><\/a><\/p>\n<p style=\"font-weight: 400;\">Alejandro Medina, director de Prensa, explic\u00f3 que \u201cla ley genera el \u00e1mbito de protecci\u00f3n en la reserva que tiene 70 mil hect\u00e1reas, y a partir de esto hubo un trabajo extenso de diputados y senadores para conseguir esto. Tiene aproximadamente 80 kil\u00f3metros de extensi\u00f3n el Ysoro, pero, \u00bfse puede potenciar esto sum\u00e1ndose a lo que es Iber\u00e1, como corredor tur\u00edstico, como corredor sur del Paran\u00e1?\u201d.<\/p>\n<p style=\"font-weight: 400;\">El ministro Braillard Poccard afirm\u00f3: \u201cTotalmente, uno cuando empieza a vender la oferta de la provincia trata de mostrar lo mejor. Esto, que es un turismo para todo el a\u00f1o, que no es de temporada como pueden ser las grandes fiestas como el Chamam\u00e9 o el Carnaval, nos ayuda a lograr ese objetivo de romper con la estacionalidad y poder tener oferta durante todo el a\u00f1o\u201d.<\/p>\n<p style=\"font-weight: 400;\">Adem\u00e1s, destac\u00f3 la necesidad de que los proyectos que se generen en ese marco tengan<a href=\"https:\/\/revistaesperanzas.com\/web\/2026\/03\/intendente-hormaechea-y-ministro-de-turismo-braillard-poccard-recorrieron-la-reserva-ysoro\/visita-del-ministro-de-turismo-y-recorrida-por-el-isoro-2-mariano-y-ministro-despacho-int\/\" rel=\"attachment wp-att-145969\"><img loading=\"lazy\" decoding=\"async\" class=\" wp-image-145969 alignleft\" src=\"https:\/\/revistaesperanzas.com\/web\/wp-content\/uploads\/2026\/03\/Visita-del-Ministro-de-Turismo-y-recorrida-por-el-Isoro-2-Mariano-y-Ministro-despacho-Int.jpg\" alt=\"\" width=\"501\" height=\"333\" \/><\/a> \u201ctotal transparencia y seriedad\u201d para ser presentados a las entidades correspondientes, ya sea para financiamiento o para que el gobernador tome la decisi\u00f3n de ejecutar las obras necesarias.<\/p>\n<p style=\"font-weight: 400;\">Este enfoque busca consolidar a la regi\u00f3n como un destino tur\u00edstico integral, aprovechando el potencial natural de Ysoro e Iber\u00e1, y promoviendo inversiones que permitan extender la temporada tur\u00edstica m\u00e1s all\u00e1 de los eventos tradicionales.<\/p>\n","protected":false},"excerpt":{"rendered":"<p>El ministro de Turismo Juan Enrique Braillard Poccard expres\u00f3 que es posible un trabajo en conjunto con la reserva Ibera y la reserva Ysoro, para potenciar el turismo. \u00a0En una conferencia de prensa que se hizo este mi\u00e9rcoles en la que se abordaron las oportunidades de desarrollo de la reserva Ysoro, se le plante\u00f3 al [&hellip;]<\/p>\n","protected":false},"author":4,"featured_media":145977,"comment_status":"closed","ping_status":"closed","sticky":false,"template":"","format":"standard","meta":{"footnotes":""},"categories":[45],"tags":[],"class_list":{"0":"post-145990","1":"post","2":"type-post","3":"status-publish","4":"format-standard","5":"has-post-thumbnail","7":"category-locales"},"_links":{"self":[{"href":"https:\/\/revistaesperanzas.com\/web\/wp-json\/wp\/v2\/posts\/145990","targetHints":{"allow":["GET"]}}],"collection":[{"href":"https:\/\/revistaesperanzas.com\/web\/wp-json\/wp\/v2\/posts"}],"about":[{"href":"https:\/\/revistaesperanzas.com\/web\/wp-json\/wp\/v2\/types\/post"}],"author":[{"embeddable":true,"href":"https:\/\/revistaesperanzas.com\/web\/wp-json\/wp\/v2\/users\/4"}],"replies":[{"embeddable":true,"href":"https:\/\/revistaesperanzas.com\/web\/wp-json\/wp\/v2\/comments?post=145990"}],"version-history":[{"count":2,"href":"https:\/\/revistaesperanzas.com\/web\/wp-json\/wp\/v2\/posts\/145990\/revisions"}],"predecessor-version":[{"id":145994,"href":"https:\/\/revistaesperanzas.com\/web\/wp-json\/wp\/v2\/posts\/145990\/revisions\/145994"}],"wp:featuredmedia":[{"embeddable":true,"href":"https:\/\/revistaesperanzas.com\/web\/wp-json\/wp\/v2\/media\/145977"}],"wp:attachment":[{"href":"https:\/\/revistaesperanzas.com\/web\/wp-json\/wp\/v2\/media?parent=145990"}],"wp:term":[{"taxonomy":"category","embeddable":true,"href":"https:\/\/revistaesperanzas.com\/web\/wp-json\/wp\/v2\/categories?post=145990"},{"taxonomy":"post_tag","embeddable":true,"href":"https:\/\/revistaesperanzas.com\/web\/wp-json\/wp\/v2\/tags?post=145990"}],"curies":[{"name":"wp","href":"https:\/\/api.w.org\/{rel}","templated":true}]}}