{"id":145995,"date":"2026-03-04T21:34:24","date_gmt":"2026-03-05T00:34:24","guid":{"rendered":"https:\/\/revistaesperanzas.com\/web\/?p=145995"},"modified":"2026-03-04T21:34:24","modified_gmt":"2026-03-05T00:34:24","slug":"goya-liquida-impulsa-el-comercio-local-en-un-contexto-economico-desafiante","status":"publish","type":"post","link":"https:\/\/revistaesperanzas.com\/web\/2026\/03\/goya-liquida-impulsa-el-comercio-local-en-un-contexto-economico-desafiante\/","title":{"rendered":"GOYA LIQUIDA IMPULSA EL COMERCIO LOCAL EN UN CONTEXTO ECON\u00d3MICO DESAFIANTE"},"content":{"rendered":"<p style=\"font-weight: 400;\">En un esfuerzo por dinamizar la econom\u00eda local, la Municipalidad de Goya contin\u00faa impulsando el programa &#8220;Goya L\u00edquida&#8221;, una iniciativa que busca potenciar las ventas de los comercios de la ciudad. Mar\u00eda Paz Lampugnani, secretaria de Industria, destac\u00f3 la evoluci\u00f3n del programa y su impacto en diversos sectores comerciales.<\/p>\n<p style=\"font-weight: 400;\">Confirm\u00f3 que habr\u00e1 dos millones en premios, que se sortear\u00e1n oportunamente.<\/p>\n<p style=\"font-weight: 400;\">8\u00aa EDICI\u00d3N DEL \u201cGOYA LIQUIDA\u201d<\/p>\n<p style=\"font-weight: 400;\">&#8220;Desde el a\u00f1o 2022 venimos con este programa, esta es la octava edici\u00f3n&#8221;, se\u00f1al\u00f3<a href=\"https:\/\/revistaesperanzas.com\/web\/2026\/03\/goya-liquida-impulsa-el-comercio-local-en-un-contexto-economico-desafiante\/goya-liquida-ilustracion-entrevista-maria-paz-lampugnani-1\/\" rel=\"attachment wp-att-145997\"><img loading=\"lazy\" decoding=\"async\" class=\" wp-image-145997 alignleft\" src=\"https:\/\/revistaesperanzas.com\/web\/wp-content\/uploads\/2026\/03\/Goya-Liquida-ilustracion-entrevista-Maria-Paz-Lampugnani-1.jpg\" alt=\"\" width=\"500\" height=\"342\" srcset=\"https:\/\/revistaesperanzas.com\/web\/wp-content\/uploads\/2026\/03\/Goya-Liquida-ilustracion-entrevista-Maria-Paz-Lampugnani-1.jpg 600w, https:\/\/revistaesperanzas.com\/web\/wp-content\/uploads\/2026\/03\/Goya-Liquida-ilustracion-entrevista-Maria-Paz-Lampugnani-1-218x150.jpg 218w\" sizes=\"auto, (max-width: 500px) 100vw, 500px\" \/><\/a> Lampugnani en declaraciones period\u00edsticas. &#8220;Siempre cuento que hay ediciones en las que se adhieren m\u00e1s o menos comerciantes, dependiendo del estado emocional de los mismos. Como municipio, brindamos una herramienta para todos los comerciantes: queremos ayudarlos a potenciar sus ventas, que vendan m\u00e1s durante un mes\u201d.<\/p>\n<p style=\"font-weight: 400;\">DIVERSIDAD DE RUBROS COMERCIALES<\/p>\n<p style=\"font-weight: 400;\">El programa, que comenz\u00f3 como una promoci\u00f3n de venta de fin de temporada para comercios de ropa, accesorios y zapatos, ha crecido hasta incluir una amplia gama de rubros. &#8220;Despu\u00e9s, Goya L\u00edquida creci\u00f3 tanto que comenzaron otros rubros a adherirse porque les parec\u00eda buena idea, y los ayudaba&#8221;, explic\u00f3 la funcionaria municipal. &#8220;Hoy hay distintos rubros de prestaciones de servicios: veterinaria, gimnasios, peluquer\u00edas, est\u00e9ticas, hasta los negocios que venden productos electrodom\u00e9sticos, celulares. Y lo tradicional, que son ropa, accesorios, zapatos, pero tambi\u00e9n hay farmacias, ferreter\u00edas, pintura, art\u00edstica, librer\u00edas&#8221;, coment\u00f3 en el contacto con Radio Ciudad.<\/p>\n<p style=\"font-weight: 400;\">La secretaria de Industria resalt\u00f3 el apoyo del intendente Mariano Hormaechea a la iniciativa y el respeto por la decisi\u00f3n de aquellos comercios que prefieren no adherirse. &#8220;Es una herramienta que al intendente le parece buena, a nosotros tambi\u00e9n nos parece lo mismo, para ayudar, y ponemos a disposici\u00f3n recursos. Respetamos a aquellos que no les interesa adherirse o que tienen su actividad en redes sociales muy fuerte\u201d, indic\u00f3.<\/p>\n<p style=\"font-weight: 400;\">2 MILLONES DE PESOS EN \u00d3RDENES DE COMPRA EN PREMIOS<\/p>\n<p style=\"font-weight: 400;\">Confirm\u00f3 que habr\u00e1 dos millones en premios, que se sortear\u00e1n oportunamente.<\/p>\n<p style=\"font-weight: 400;\">Sin embargo, la secretaria de Industria reconoci\u00f3 los desaf\u00edos econ\u00f3micos que enfrenta la<a href=\"https:\/\/revistaesperanzas.com\/web\/2026\/03\/goya-liquida-impulsa-el-comercio-local-en-un-contexto-economico-desafiante\/goya-liquida-ilustracion-entrevista-maria-paz-lampugnani-3\/\" rel=\"attachment wp-att-145999\"><img loading=\"lazy\" decoding=\"async\" class=\" wp-image-145999 alignleft\" src=\"https:\/\/revistaesperanzas.com\/web\/wp-content\/uploads\/2026\/03\/Goya-Liquida-ilustracion-entrevista-Maria-Paz-Lampugnani-3.jpg\" alt=\"\" width=\"500\" height=\"333\" \/><\/a> ciudad, especialmente tras el cierre de una industria local. &#8220;Estamos en un contexto econ\u00f3mico complicado. Hoy estamos en Goya con 260 personas que se\u00a0quedan sin trabajo por el cierre de una industria. No se vuelca a gastar; todo el movimiento se hace con el consumo. Si no se gasta, no se consume. Eso est\u00e1 parado, y eso repercute en los comercios. Es el primer eslab\u00f3n de una cadena productiva&#8221;, detall\u00f3.<\/p>\n<p style=\"font-weight: 400;\">APOYO DEL MUNICIPIO<\/p>\n<p style=\"font-weight: 400;\">A pesar de estas dificultades, Mar\u00eda Paz Lampugnani reafirm\u00f3 el compromiso del municipio de apoyar a los comerciantes locales. &#8220;A ver si podemos ayudar nosotros, como municipio, con las diversas herramientas con que contamos&#8221;, concluy\u00f3.<\/p>\n","protected":false},"excerpt":{"rendered":"<p>En un esfuerzo por dinamizar la econom\u00eda local, la Municipalidad de Goya contin\u00faa impulsando el programa &#8220;Goya L\u00edquida&#8221;, una iniciativa que busca potenciar las ventas de los comercios de la ciudad. Mar\u00eda Paz Lampugnani, secretaria de Industria, destac\u00f3 la evoluci\u00f3n del programa y su impacto en diversos sectores comerciales. Confirm\u00f3 que habr\u00e1 dos millones en [&hellip;]<\/p>\n","protected":false},"author":4,"featured_media":145996,"comment_status":"closed","ping_status":"closed","sticky":false,"template":"","format":"standard","meta":{"footnotes":""},"categories":[45],"tags":[],"class_list":{"0":"post-145995","1":"post","2":"type-post","3":"status-publish","4":"format-standard","5":"has-post-thumbnail","7":"category-locales"},"_links":{"self":[{"href":"https:\/\/revistaesperanzas.com\/web\/wp-json\/wp\/v2\/posts\/145995","targetHints":{"allow":["GET"]}}],"collection":[{"href":"https:\/\/revistaesperanzas.com\/web\/wp-json\/wp\/v2\/posts"}],"about":[{"href":"https:\/\/revistaesperanzas.com\/web\/wp-json\/wp\/v2\/types\/post"}],"author":[{"embeddable":true,"href":"https:\/\/revistaesperanzas.com\/web\/wp-json\/wp\/v2\/users\/4"}],"replies":[{"embeddable":true,"href":"https:\/\/revistaesperanzas.com\/web\/wp-json\/wp\/v2\/comments?post=145995"}],"version-history":[{"count":2,"href":"https:\/\/revistaesperanzas.com\/web\/wp-json\/wp\/v2\/posts\/145995\/revisions"}],"predecessor-version":[{"id":146001,"href":"https:\/\/revistaesperanzas.com\/web\/wp-json\/wp\/v2\/posts\/145995\/revisions\/146001"}],"wp:featuredmedia":[{"embeddable":true,"href":"https:\/\/revistaesperanzas.com\/web\/wp-json\/wp\/v2\/media\/145996"}],"wp:attachment":[{"href":"https:\/\/revistaesperanzas.com\/web\/wp-json\/wp\/v2\/media?parent=145995"}],"wp:term":[{"taxonomy":"category","embeddable":true,"href":"https:\/\/revistaesperanzas.com\/web\/wp-json\/wp\/v2\/categories?post=145995"},{"taxonomy":"post_tag","embeddable":true,"href":"https:\/\/revistaesperanzas.com\/web\/wp-json\/wp\/v2\/tags?post=145995"}],"curies":[{"name":"wp","href":"https:\/\/api.w.org\/{rel}","templated":true}]}}