{"id":146008,"date":"2026-03-04T21:40:18","date_gmt":"2026-03-05T00:40:18","guid":{"rendered":"https:\/\/revistaesperanzas.com\/web\/?p=146008"},"modified":"2026-03-04T21:40:18","modified_gmt":"2026-03-05T00:40:18","slug":"otro-logro-deportivo-para-la-escuela-municipal-de-canotaje","status":"publish","type":"post","link":"https:\/\/revistaesperanzas.com\/web\/2026\/03\/otro-logro-deportivo-para-la-escuela-municipal-de-canotaje\/","title":{"rendered":"OTRO LOGRO DEPORTIVO PARA LA ESCUELA MUNICIPAL DE CANOTAJE"},"content":{"rendered":"<p style=\"font-weight: 400;\">TOMAS QUIROZ TRIPLETE DORADO EN PARAGUAY<\/p>\n<p style=\"font-weight: 400;\">El pasado fin de semana el Club Nacional de Canotaje de Cambyreta, en Paraguay, se convirti\u00f3 en el epicentro de la emoci\u00f3n deportiva con la sexta edici\u00f3n de la Regata Aniversario 2026 y la esperada Marat\u00f3n Internacional.<\/p>\n<p style=\"font-weight: 400;\">Durante dos jornadas intensas, cerca de 200 deportistas, junto a entrenadores, delegados y apasionados del canotaje, llegaron desde distintos puntos de Paraguay y pa\u00edses vecinospara ser parte de esta verdadera fiesta n\u00e1utica.<\/p>\n<p style=\"font-weight: 400;\">El joven palista Tomas Quiroz, representante de la Escuela Municipal de Canotaje, tuvo unaactuaci\u00f3n sobresaliente en las diferentes competencias, donde logro subirse al podio en tres oportunidades consolidando un desempe\u00f1o de alto nivel.<\/p>\n<p style=\"font-weight: 400;\">Este logro no solo representa el esfuerzo y dedicaci\u00f3n de Tomas, sino el trabajo silencioso de entrenadores, compa\u00f1eros y familia que acompa\u00f1an en cada entrenamiento y competencias.<\/p>\n<p style=\"font-weight: 400;\">Sin dudas un logro que motiva a seguir apostando al deporte y al crecimiento del Canotajeen la regi\u00f3n.<\/p>\n<p style=\"font-weight: 400;\">K1 \u2013 CADETES 200 m (SPRINT)<\/p>\n<p style=\"font-weight: 400;\">1\u00ba &#8211; TOMAS QUIROZ &#8211; GOYA<\/p>\n<p style=\"font-weight: 400;\">K1 \u2013 CADETES 500 m (SPRINT)<\/p>\n<p style=\"font-weight: 400;\">1\u00ba &#8211; TOMAS QUIROZ &#8211; GOYA<\/p>\n<p style=\"font-weight: 400;\">K1 \u2013 CADETES 6000 m (MARAT\u00d3N)<\/p>\n<p style=\"font-weight: 400;\">1\u00ba &#8211; TOMAS QUIROZ \u2013 GOYA<\/p>\n","protected":false},"excerpt":{"rendered":"<p>TOMAS QUIROZ TRIPLETE DORADO EN PARAGUAY El pasado fin de semana el Club Nacional de Canotaje de Cambyreta, en Paraguay, se convirti\u00f3 en el epicentro de la emoci\u00f3n deportiva con la sexta edici\u00f3n de la Regata Aniversario 2026 y la esperada Marat\u00f3n Internacional. Durante dos jornadas intensas, cerca de 200 deportistas, junto a entrenadores, delegados [&hellip;]<\/p>\n","protected":false},"author":4,"featured_media":146009,"comment_status":"closed","ping_status":"closed","sticky":false,"template":"","format":"standard","meta":{"footnotes":""},"categories":[45],"tags":[],"class_list":{"0":"post-146008","1":"post","2":"type-post","3":"status-publish","4":"format-standard","5":"has-post-thumbnail","7":"category-locales"},"_links":{"self":[{"href":"https:\/\/revistaesperanzas.com\/web\/wp-json\/wp\/v2\/posts\/146008","targetHints":{"allow":["GET"]}}],"collection":[{"href":"https:\/\/revistaesperanzas.com\/web\/wp-json\/wp\/v2\/posts"}],"about":[{"href":"https:\/\/revistaesperanzas.com\/web\/wp-json\/wp\/v2\/types\/post"}],"author":[{"embeddable":true,"href":"https:\/\/revistaesperanzas.com\/web\/wp-json\/wp\/v2\/users\/4"}],"replies":[{"embeddable":true,"href":"https:\/\/revistaesperanzas.com\/web\/wp-json\/wp\/v2\/comments?post=146008"}],"version-history":[{"count":1,"href":"https:\/\/revistaesperanzas.com\/web\/wp-json\/wp\/v2\/posts\/146008\/revisions"}],"predecessor-version":[{"id":146010,"href":"https:\/\/revistaesperanzas.com\/web\/wp-json\/wp\/v2\/posts\/146008\/revisions\/146010"}],"wp:featuredmedia":[{"embeddable":true,"href":"https:\/\/revistaesperanzas.com\/web\/wp-json\/wp\/v2\/media\/146009"}],"wp:attachment":[{"href":"https:\/\/revistaesperanzas.com\/web\/wp-json\/wp\/v2\/media?parent=146008"}],"wp:term":[{"taxonomy":"category","embeddable":true,"href":"https:\/\/revistaesperanzas.com\/web\/wp-json\/wp\/v2\/categories?post=146008"},{"taxonomy":"post_tag","embeddable":true,"href":"https:\/\/revistaesperanzas.com\/web\/wp-json\/wp\/v2\/tags?post=146008"}],"curies":[{"name":"wp","href":"https:\/\/api.w.org\/{rel}","templated":true}]}}