{"id":146011,"date":"2026-03-04T21:45:38","date_gmt":"2026-03-05T00:45:38","guid":{"rendered":"https:\/\/revistaesperanzas.com\/web\/?p=146011"},"modified":"2026-03-04T21:45:39","modified_gmt":"2026-03-05T00:45:39","slug":"comisaria-de-distrito-primera-de-santo-tome","status":"publish","type":"post","link":"https:\/\/revistaesperanzas.com\/web\/2026\/03\/comisaria-de-distrito-primera-de-santo-tome\/","title":{"rendered":"COMISARIA DE DISTRITO PRIMERA DE SANTO TOME"},"content":{"rendered":"<p>Fue hallado sano y salvo el ciudadano Adaro Gabriel Alejandro de 23 a\u00f1os de edad, por lo que se deja sin efecto la solicitud de colaboraci\u00f3n para la localizaci\u00f3n y paradero del mismo.<\/p>\n<p>Por medio de esta gacetilla policial se agradece la colaboraci\u00f3n de los distintos medios de<a href=\"https:\/\/revistaesperanzas.com\/web\/2026\/03\/comisaria-de-distrito-primera-de-santo-tome\/whatsapp-image-2026-03-04-at-19-35-45\/\" rel=\"attachment wp-att-146013\"><img loading=\"lazy\" decoding=\"async\" class=\" wp-image-146013 alignleft\" src=\"https:\/\/revistaesperanzas.com\/web\/wp-content\/uploads\/2026\/03\/WhatsApp-Image-2026-03-04-at-19.35.45.jpeg\" alt=\"\" width=\"450\" height=\"563\" srcset=\"https:\/\/revistaesperanzas.com\/web\/wp-content\/uploads\/2026\/03\/WhatsApp-Image-2026-03-04-at-19.35.45.jpeg 600w, https:\/\/revistaesperanzas.com\/web\/wp-content\/uploads\/2026\/03\/WhatsApp-Image-2026-03-04-at-19.35.45-336x420.jpeg 336w\" sizes=\"auto, (max-width: 450px) 100vw, 450px\" \/><\/a> comunicaci\u00f3n y de la poblaci\u00f3n en general y adem\u00e1s se solicita DEJAR SIN EFECTO LA SOLICITUD DE LOCALIZACION Y PARADERO DEL CIUDADANO ADARO GABRIEL ALEJANDRO DE 23 A\u00d1OS DE EDAD, solicitado oportunamente por la Comisaria de Comisar\u00eda de Distrito 1ra de Santo Tome.<\/p>\n<p>Cabe se\u00f1alar que, el mismo fue localizado sano y salvo, cuya situaci\u00f3n ya tom\u00f3 conocimiento la autoridad fiscal interviniente. (Solicitud enviada oportunamente, desde este Departamento de Relaciones Institucionales mediante Anticipo de Gacetilla Policial de fecha 26-02-26).<\/p>\n<p>Al respecto, en la Comisar\u00eda de Distrito, se realizaron las diligencias del caso, con conocimiento de las autoridades judiciales intervinientes.<\/p>\n","protected":false},"excerpt":{"rendered":"<p>Fue hallado sano y salvo el ciudadano Adaro Gabriel Alejandro de 23 a\u00f1os de edad, por lo que se deja sin efecto la solicitud de colaboraci\u00f3n para la localizaci\u00f3n y paradero del mismo. Por medio de esta gacetilla policial se agradece la colaboraci\u00f3n de los distintos medios de comunicaci\u00f3n y de la poblaci\u00f3n en general [&hellip;]<\/p>\n","protected":false},"author":4,"featured_media":146012,"comment_status":"closed","ping_status":"closed","sticky":false,"template":"","format":"standard","meta":{"footnotes":""},"categories":[58],"tags":[],"class_list":{"0":"post-146011","1":"post","2":"type-post","3":"status-publish","4":"format-standard","5":"has-post-thumbnail","7":"category-corrientes"},"_links":{"self":[{"href":"https:\/\/revistaesperanzas.com\/web\/wp-json\/wp\/v2\/posts\/146011","targetHints":{"allow":["GET"]}}],"collection":[{"href":"https:\/\/revistaesperanzas.com\/web\/wp-json\/wp\/v2\/posts"}],"about":[{"href":"https:\/\/revistaesperanzas.com\/web\/wp-json\/wp\/v2\/types\/post"}],"author":[{"embeddable":true,"href":"https:\/\/revistaesperanzas.com\/web\/wp-json\/wp\/v2\/users\/4"}],"replies":[{"embeddable":true,"href":"https:\/\/revistaesperanzas.com\/web\/wp-json\/wp\/v2\/comments?post=146011"}],"version-history":[{"count":2,"href":"https:\/\/revistaesperanzas.com\/web\/wp-json\/wp\/v2\/posts\/146011\/revisions"}],"predecessor-version":[{"id":146015,"href":"https:\/\/revistaesperanzas.com\/web\/wp-json\/wp\/v2\/posts\/146011\/revisions\/146015"}],"wp:featuredmedia":[{"embeddable":true,"href":"https:\/\/revistaesperanzas.com\/web\/wp-json\/wp\/v2\/media\/146012"}],"wp:attachment":[{"href":"https:\/\/revistaesperanzas.com\/web\/wp-json\/wp\/v2\/media?parent=146011"}],"wp:term":[{"taxonomy":"category","embeddable":true,"href":"https:\/\/revistaesperanzas.com\/web\/wp-json\/wp\/v2\/categories?post=146011"},{"taxonomy":"post_tag","embeddable":true,"href":"https:\/\/revistaesperanzas.com\/web\/wp-json\/wp\/v2\/tags?post=146011"}],"curies":[{"name":"wp","href":"https:\/\/api.w.org\/{rel}","templated":true}]}}