{"id":146022,"date":"2026-03-05T20:12:22","date_gmt":"2026-03-05T23:12:22","guid":{"rendered":"https:\/\/revistaesperanzas.com\/web\/?p=146022"},"modified":"2026-03-05T20:12:22","modified_gmt":"2026-03-05T23:12:22","slug":"policia-de-corrientes-recupero-cosas-recientemente-sustraidas-y-demoraron-a-los-autores","status":"publish","type":"post","link":"https:\/\/revistaesperanzas.com\/web\/2026\/03\/policia-de-corrientes-recupero-cosas-recientemente-sustraidas-y-demoraron-a-los-autores\/","title":{"rendered":"POLICIA DE CORRIENTES RECUPER\u00d3 COSAS RECIENTEMENTE SUSTRAIDAS Y DEMORARON A LOS AUTORES"},"content":{"rendered":"<p>PASO DE LA PATRIA\u00a0 &#8211;\u00a0 En la jornada de ayer 04-03-26, efectivos policiales de la Comisar\u00eda de distrito primera de Paso de la Patria, en un r\u00e1pido y eficaz accionar desplegado en relaci\u00f3n a un il\u00edcito, finalmente lograron recuperar las cosas denunciadas como sustra\u00eddas y demoraron a los presuntos autores del hecho.<\/p>\n<p>El procedimiento lo realizaron los mencionados polic\u00edas, luego de tomar conocimiento que dos sujetos habr\u00edan sustra\u00eddo del interior de un veh\u00edculo, un tel\u00e9fono celular y una ca\u00f1a de pescar, brindando las caracter\u00edsticas del mismo.<a href=\"https:\/\/revistaesperanzas.com\/web\/2026\/03\/policia-de-corrientes-recupero-cosas-recientemente-sustraidas-y-demoraron-a-los-autores\/whatsapp-image-2026-03-05-at-12-49-35-1\/\" rel=\"attachment wp-att-146024\"><img loading=\"lazy\" decoding=\"async\" class=\"alignnone  wp-image-146024\" src=\"https:\/\/revistaesperanzas.com\/web\/wp-content\/uploads\/2026\/03\/WhatsApp-Image-2026-03-05-at-12.49.35-1.jpeg\" alt=\"\" width=\"691\" height=\"472\" srcset=\"https:\/\/revistaesperanzas.com\/web\/wp-content\/uploads\/2026\/03\/WhatsApp-Image-2026-03-05-at-12.49.35-1.jpeg 600w, https:\/\/revistaesperanzas.com\/web\/wp-content\/uploads\/2026\/03\/WhatsApp-Image-2026-03-05-at-12.49.35-1-218x150.jpeg 218w\" sizes=\"auto, (max-width: 691px) 100vw, 691px\" \/><\/a><\/p>\n<p>En ese marco, de forma inmediata iniciaron diversas labores de investigaci\u00f3n en colaboraci\u00f3n con la unidad fiscal en turno, lo cual finalmente posibilit\u00f3 localizar y demorar a los presuntos autores del hecho, dos j\u00f3venes mayores de edad, y recuperaron lo denunciado como sustra\u00eddo.<\/p>\n<p>Los demorados junto a lo recuperado, fueron puestos a disposici\u00f3n de la autoridad fiscal interviniente, en tanto, en la citada dependencia policial se prosigue con los tr\u00e1mites que corresponde.<\/p>\n","protected":false},"excerpt":{"rendered":"<p>PASO DE LA PATRIA\u00a0 &#8211;\u00a0 En la jornada de ayer 04-03-26, efectivos policiales de la Comisar\u00eda de distrito primera de Paso de la Patria, en un r\u00e1pido y eficaz accionar desplegado en relaci\u00f3n a un il\u00edcito, finalmente lograron recuperar las cosas denunciadas como sustra\u00eddas y demoraron a los presuntos autores del hecho. El procedimiento lo [&hellip;]<\/p>\n","protected":false},"author":4,"featured_media":146023,"comment_status":"closed","ping_status":"closed","sticky":false,"template":"","format":"standard","meta":{"footnotes":""},"categories":[58],"tags":[],"class_list":{"0":"post-146022","1":"post","2":"type-post","3":"status-publish","4":"format-standard","5":"has-post-thumbnail","7":"category-corrientes"},"_links":{"self":[{"href":"https:\/\/revistaesperanzas.com\/web\/wp-json\/wp\/v2\/posts\/146022","targetHints":{"allow":["GET"]}}],"collection":[{"href":"https:\/\/revistaesperanzas.com\/web\/wp-json\/wp\/v2\/posts"}],"about":[{"href":"https:\/\/revistaesperanzas.com\/web\/wp-json\/wp\/v2\/types\/post"}],"author":[{"embeddable":true,"href":"https:\/\/revistaesperanzas.com\/web\/wp-json\/wp\/v2\/users\/4"}],"replies":[{"embeddable":true,"href":"https:\/\/revistaesperanzas.com\/web\/wp-json\/wp\/v2\/comments?post=146022"}],"version-history":[{"count":2,"href":"https:\/\/revistaesperanzas.com\/web\/wp-json\/wp\/v2\/posts\/146022\/revisions"}],"predecessor-version":[{"id":146026,"href":"https:\/\/revistaesperanzas.com\/web\/wp-json\/wp\/v2\/posts\/146022\/revisions\/146026"}],"wp:featuredmedia":[{"embeddable":true,"href":"https:\/\/revistaesperanzas.com\/web\/wp-json\/wp\/v2\/media\/146023"}],"wp:attachment":[{"href":"https:\/\/revistaesperanzas.com\/web\/wp-json\/wp\/v2\/media?parent=146022"}],"wp:term":[{"taxonomy":"category","embeddable":true,"href":"https:\/\/revistaesperanzas.com\/web\/wp-json\/wp\/v2\/categories?post=146022"},{"taxonomy":"post_tag","embeddable":true,"href":"https:\/\/revistaesperanzas.com\/web\/wp-json\/wp\/v2\/tags?post=146022"}],"curies":[{"name":"wp","href":"https:\/\/api.w.org\/{rel}","templated":true}]}}