{"id":146027,"date":"2026-03-05T20:14:49","date_gmt":"2026-03-05T23:14:49","guid":{"rendered":"https:\/\/revistaesperanzas.com\/web\/?p=146027"},"modified":"2026-03-05T20:14:49","modified_gmt":"2026-03-05T23:14:49","slug":"policia-de-cororientes-recupero-un-ciclomotor-recientemente-sustraida","status":"publish","type":"post","link":"https:\/\/revistaesperanzas.com\/web\/2026\/03\/policia-de-cororientes-recupero-un-ciclomotor-recientemente-sustraida\/","title":{"rendered":"POLICIA DE CORORIENTES RECUPER\u00d3 UN CICLOMOTOR RECIENTEMENTE SUSTRAIDA"},"content":{"rendered":"<p>GOYA\u00a0 &#8211;\u00a0 La Polic\u00eda recuper\u00f3 una motocicleta denunciada como sustra\u00edda y aprehendi\u00f3 al presunto autor del hecho.<\/p>\n<p>Efectivos policiales dependientes de la Comisaria de Distrito primera de Goya, llevaron adelante tareas investigativas en relaci\u00f3n a un hecho delictivos -hurto de motocicleta- registrado d\u00edas atr\u00e1s.<\/p>\n<p>Por el hecho, finalmente los mencionados efectivos lograron en la jornada de ayer 04-03-26 hallar y secuestrar el rodado -marca Gillera, modelo Smash- denunciado como sustra\u00eddo y aprehender a un hombre de 30 a\u00f1os de edad, sindicado como el presunto autor del hecho.<\/p>\n<p>Al respecto, la motocicleta secuestrada y la persona aprehendida fueron puestas a disposici\u00f3n de la justicia y trasladadas hasta la citada comisaria a fin de continuar con las diligencias del caso.<\/p>\n","protected":false},"excerpt":{"rendered":"<p>GOYA\u00a0 &#8211;\u00a0 La Polic\u00eda recuper\u00f3 una motocicleta denunciada como sustra\u00edda y aprehendi\u00f3 al presunto autor del hecho. Efectivos policiales dependientes de la Comisaria de Distrito primera de Goya, llevaron adelante tareas investigativas en relaci\u00f3n a un hecho delictivos -hurto de motocicleta- registrado d\u00edas atr\u00e1s. Por el hecho, finalmente los mencionados efectivos lograron en la jornada [&hellip;]<\/p>\n","protected":false},"author":4,"featured_media":145408,"comment_status":"closed","ping_status":"closed","sticky":false,"template":"","format":"standard","meta":{"footnotes":""},"categories":[58],"tags":[],"class_list":{"0":"post-146027","1":"post","2":"type-post","3":"status-publish","4":"format-standard","5":"has-post-thumbnail","7":"category-corrientes"},"_links":{"self":[{"href":"https:\/\/revistaesperanzas.com\/web\/wp-json\/wp\/v2\/posts\/146027","targetHints":{"allow":["GET"]}}],"collection":[{"href":"https:\/\/revistaesperanzas.com\/web\/wp-json\/wp\/v2\/posts"}],"about":[{"href":"https:\/\/revistaesperanzas.com\/web\/wp-json\/wp\/v2\/types\/post"}],"author":[{"embeddable":true,"href":"https:\/\/revistaesperanzas.com\/web\/wp-json\/wp\/v2\/users\/4"}],"replies":[{"embeddable":true,"href":"https:\/\/revistaesperanzas.com\/web\/wp-json\/wp\/v2\/comments?post=146027"}],"version-history":[{"count":1,"href":"https:\/\/revistaesperanzas.com\/web\/wp-json\/wp\/v2\/posts\/146027\/revisions"}],"predecessor-version":[{"id":146028,"href":"https:\/\/revistaesperanzas.com\/web\/wp-json\/wp\/v2\/posts\/146027\/revisions\/146028"}],"wp:featuredmedia":[{"embeddable":true,"href":"https:\/\/revistaesperanzas.com\/web\/wp-json\/wp\/v2\/media\/145408"}],"wp:attachment":[{"href":"https:\/\/revistaesperanzas.com\/web\/wp-json\/wp\/v2\/media?parent=146027"}],"wp:term":[{"taxonomy":"category","embeddable":true,"href":"https:\/\/revistaesperanzas.com\/web\/wp-json\/wp\/v2\/categories?post=146027"},{"taxonomy":"post_tag","embeddable":true,"href":"https:\/\/revistaesperanzas.com\/web\/wp-json\/wp\/v2\/tags?post=146027"}],"curies":[{"name":"wp","href":"https:\/\/api.w.org\/{rel}","templated":true}]}}