{"id":146029,"date":"2026-03-05T20:19:34","date_gmt":"2026-03-05T23:19:34","guid":{"rendered":"https:\/\/revistaesperanzas.com\/web\/?p=146029"},"modified":"2026-03-05T20:19:34","modified_gmt":"2026-03-05T23:19:34","slug":"area-capital-comisaria-vigesimo-primera-urbana","status":"publish","type":"post","link":"https:\/\/revistaesperanzas.com\/web\/2026\/03\/area-capital-comisaria-vigesimo-primera-urbana\/","title":{"rendered":"AREA CAPITAL COMISARIA VIGESIMO PRIMERA URBANA"},"content":{"rendered":"<p>La Polic\u00eda recuper\u00f3 un elemento que fuera recientemente sustra\u00eddo<\/p>\n<p>En horas de la noche de ayer 04-03-26, efectivos policiales de la Comisar\u00eda Vig\u00e9simo Primera Urbana, tras tomar conocimiento de un il\u00edcito, lograron hallar y recuperar un carrito de hierro recientemente sustra\u00eddo.<a href=\"https:\/\/revistaesperanzas.com\/web\/2026\/03\/area-capital-comisaria-vigesimo-primera-urbana\/whatsapp-image-2026-03-05-at-12-49-36\/\" rel=\"attachment wp-att-146030\"><img loading=\"lazy\" decoding=\"async\" class=\"wp-image-146030 alignleft\" src=\"https:\/\/revistaesperanzas.com\/web\/wp-content\/uploads\/2026\/03\/WhatsApp-Image-2026-03-05-at-12.49.36.jpeg\" alt=\"\" width=\"500\" height=\"342\" srcset=\"https:\/\/revistaesperanzas.com\/web\/wp-content\/uploads\/2026\/03\/WhatsApp-Image-2026-03-05-at-12.49.36.jpeg 600w, https:\/\/revistaesperanzas.com\/web\/wp-content\/uploads\/2026\/03\/WhatsApp-Image-2026-03-05-at-12.49.36-218x150.jpeg 218w\" sizes=\"auto, (max-width: 500px) 100vw, 500px\" \/><\/a><\/p>\n<p>El procedimiento lo realizaron pasadas las 20:30horas, luego de tomar conocimiento de la sustracci\u00f3n de un carrito de hierro que se encontraba en una cooperativa de reciclaje del Barrio Ongay, por tal motivo y de forma inmediata los polic\u00edas iniciaron amplios rastrillajes por la zona, logrando a los pocos minutos hallar y recuperar el elemento recientemente sustra\u00eddo.<\/p>\n<p>Lo recuperado fue puesto a disposici\u00f3n de la autoridad fiscal en turno, siendo trasladado a la citada dependencia policial, donde se prosigue con los tr\u00e1mites que corresponden.<\/p>\n<p>&nbsp;<\/p>\n<p>&nbsp;<\/p>\n","protected":false},"excerpt":{"rendered":"<p>La Polic\u00eda recuper\u00f3 un elemento que fuera recientemente sustra\u00eddo En horas de la noche de ayer 04-03-26, efectivos policiales de la Comisar\u00eda Vig\u00e9simo Primera Urbana, tras tomar conocimiento de un il\u00edcito, lograron hallar y recuperar un carrito de hierro recientemente sustra\u00eddo. El procedimiento lo realizaron pasadas las 20:30horas, luego de tomar conocimiento de la sustracci\u00f3n [&hellip;]<\/p>\n","protected":false},"author":4,"featured_media":146024,"comment_status":"closed","ping_status":"closed","sticky":false,"template":"","format":"standard","meta":{"footnotes":""},"categories":[58],"tags":[],"class_list":{"0":"post-146029","1":"post","2":"type-post","3":"status-publish","4":"format-standard","5":"has-post-thumbnail","7":"category-corrientes"},"_links":{"self":[{"href":"https:\/\/revistaesperanzas.com\/web\/wp-json\/wp\/v2\/posts\/146029","targetHints":{"allow":["GET"]}}],"collection":[{"href":"https:\/\/revistaesperanzas.com\/web\/wp-json\/wp\/v2\/posts"}],"about":[{"href":"https:\/\/revistaesperanzas.com\/web\/wp-json\/wp\/v2\/types\/post"}],"author":[{"embeddable":true,"href":"https:\/\/revistaesperanzas.com\/web\/wp-json\/wp\/v2\/users\/4"}],"replies":[{"embeddable":true,"href":"https:\/\/revistaesperanzas.com\/web\/wp-json\/wp\/v2\/comments?post=146029"}],"version-history":[{"count":2,"href":"https:\/\/revistaesperanzas.com\/web\/wp-json\/wp\/v2\/posts\/146029\/revisions"}],"predecessor-version":[{"id":146033,"href":"https:\/\/revistaesperanzas.com\/web\/wp-json\/wp\/v2\/posts\/146029\/revisions\/146033"}],"wp:featuredmedia":[{"embeddable":true,"href":"https:\/\/revistaesperanzas.com\/web\/wp-json\/wp\/v2\/media\/146024"}],"wp:attachment":[{"href":"https:\/\/revistaesperanzas.com\/web\/wp-json\/wp\/v2\/media?parent=146029"}],"wp:term":[{"taxonomy":"category","embeddable":true,"href":"https:\/\/revistaesperanzas.com\/web\/wp-json\/wp\/v2\/categories?post=146029"},{"taxonomy":"post_tag","embeddable":true,"href":"https:\/\/revistaesperanzas.com\/web\/wp-json\/wp\/v2\/tags?post=146029"}],"curies":[{"name":"wp","href":"https:\/\/api.w.org\/{rel}","templated":true}]}}