{"id":146034,"date":"2026-03-05T20:21:22","date_gmt":"2026-03-05T23:21:22","guid":{"rendered":"https:\/\/revistaesperanzas.com\/web\/?p=146034"},"modified":"2026-03-05T20:23:12","modified_gmt":"2026-03-05T23:23:12","slug":"146034","status":"publish","type":"post","link":"https:\/\/revistaesperanzas.com\/web\/2026\/03\/146034\/","title":{"rendered":"CARNICERIA A DOMICILIO: DETIENEN A UN SUJETO CON CORTES CARNICOS EN SU PODER"},"content":{"rendered":"<p>AREA INTERIOR &#8211; MONTE CASEROS\u00a0 &#8211; &#8211; La Polic\u00eda secuestr\u00f3 cortes c\u00e1rnicos presuntamente vinculados a un hecho de abigeato, y aprehendi\u00f3 a un sujeto<\/p>\n<p>En horas de la madrugada de hoy 05-03-26, efectivos policiales de la Unidad especial de seguridad rural y ecol\u00f3gica de Monte Caseros, en colaboraci\u00f3n de sus pares de la divisi\u00f3n investigaciones de esa ciudad, secuestraron productos c\u00e1rnicos que habr\u00edan sido faenados recientemente de manera clandestina y aprehendieron a uno de los sujetos.<a href=\"https:\/\/revistaesperanzas.com\/web\/2026\/03\/146034\/whatsapp-image-2026-03-05-at-12-49-37\/\" rel=\"attachment wp-att-146035\"><img loading=\"lazy\" decoding=\"async\" class=\" wp-image-146035 alignleft\" src=\"https:\/\/revistaesperanzas.com\/web\/wp-content\/uploads\/2026\/03\/WhatsApp-Image-2026-03-05-at-12.49.37.jpeg\" alt=\"\" width=\"450\" height=\"563\" srcset=\"https:\/\/revistaesperanzas.com\/web\/wp-content\/uploads\/2026\/03\/WhatsApp-Image-2026-03-05-at-12.49.37.jpeg 600w, https:\/\/revistaesperanzas.com\/web\/wp-content\/uploads\/2026\/03\/WhatsApp-Image-2026-03-05-at-12.49.37-336x420.jpeg 336w\" sizes=\"auto, (max-width: 450px) 100vw, 450px\" \/><\/a><\/p>\n<p>El procedimiento lo realizaron los mencionados polic\u00edas, alrededor de la medianoche, en Parada Labougle en el marco de labores de investigaci\u00f3n desplegados y en un presunto hecho de abigeato, personal de investigaciones de esa ciudad se hallaban tras unos sujetos, por lo que solicitaron colaboraci\u00f3n a sus pares del PRIAR, por lo cual realizaron un importante despliegue, logrando la aprehensi\u00f3n de un sujeto mayor de edad, y secuestraron la motocicleta en la que se desplazaba, as\u00ed mismo, tras un rastrillaje hallaron en cercan\u00edas del lugar, partes de un animal vacuno, entre ellas un cuarto y una paleta, posteriormente en un pastizal cercano al acceso del paraje y a pocos metros del alambrado perimetral de un campo, encontraron otros cortes \u2014costillar, paleta y otro cuarto\u2014 que ser\u00edan compatibles con el mismo animal.<\/p>\n<p>El aprehendido junto a lo secuestrado fueron puestos a disposici\u00f3n de la autoridad fiscal en turno, siendo trasladado a la citada dependencia policial a fin de proseguir con los tr\u00e1mites del caso.<\/p>\n","protected":false},"excerpt":{"rendered":"<p>AREA INTERIOR &#8211; MONTE CASEROS\u00a0 &#8211; &#8211; La Polic\u00eda secuestr\u00f3 cortes c\u00e1rnicos presuntamente vinculados a un hecho de abigeato, y aprehendi\u00f3 a un sujeto En horas de la madrugada de hoy 05-03-26, efectivos policiales de la Unidad especial de seguridad rural y ecol\u00f3gica de Monte Caseros, en colaboraci\u00f3n de sus pares de la divisi\u00f3n investigaciones [&hellip;]<\/p>\n","protected":false},"author":4,"featured_media":146031,"comment_status":"closed","ping_status":"closed","sticky":false,"template":"","format":"standard","meta":{"footnotes":""},"categories":[58],"tags":[],"class_list":{"0":"post-146034","1":"post","2":"type-post","3":"status-publish","4":"format-standard","5":"has-post-thumbnail","7":"category-corrientes"},"_links":{"self":[{"href":"https:\/\/revistaesperanzas.com\/web\/wp-json\/wp\/v2\/posts\/146034","targetHints":{"allow":["GET"]}}],"collection":[{"href":"https:\/\/revistaesperanzas.com\/web\/wp-json\/wp\/v2\/posts"}],"about":[{"href":"https:\/\/revistaesperanzas.com\/web\/wp-json\/wp\/v2\/types\/post"}],"author":[{"embeddable":true,"href":"https:\/\/revistaesperanzas.com\/web\/wp-json\/wp\/v2\/users\/4"}],"replies":[{"embeddable":true,"href":"https:\/\/revistaesperanzas.com\/web\/wp-json\/wp\/v2\/comments?post=146034"}],"version-history":[{"count":3,"href":"https:\/\/revistaesperanzas.com\/web\/wp-json\/wp\/v2\/posts\/146034\/revisions"}],"predecessor-version":[{"id":146038,"href":"https:\/\/revistaesperanzas.com\/web\/wp-json\/wp\/v2\/posts\/146034\/revisions\/146038"}],"wp:featuredmedia":[{"embeddable":true,"href":"https:\/\/revistaesperanzas.com\/web\/wp-json\/wp\/v2\/media\/146031"}],"wp:attachment":[{"href":"https:\/\/revistaesperanzas.com\/web\/wp-json\/wp\/v2\/media?parent=146034"}],"wp:term":[{"taxonomy":"category","embeddable":true,"href":"https:\/\/revistaesperanzas.com\/web\/wp-json\/wp\/v2\/categories?post=146034"},{"taxonomy":"post_tag","embeddable":true,"href":"https:\/\/revistaesperanzas.com\/web\/wp-json\/wp\/v2\/tags?post=146034"}],"curies":[{"name":"wp","href":"https:\/\/api.w.org\/{rel}","templated":true}]}}