{"id":146047,"date":"2026-03-05T20:39:30","date_gmt":"2026-03-05T23:39:30","guid":{"rendered":"https:\/\/revistaesperanzas.com\/web\/?p=146047"},"modified":"2026-03-05T20:39:30","modified_gmt":"2026-03-05T23:39:30","slug":"rapido-y-efectivo-accionar","status":"publish","type":"post","link":"https:\/\/revistaesperanzas.com\/web\/2026\/03\/rapido-y-efectivo-accionar\/","title":{"rendered":"RAPIDO Y EFECTIVO ACCIONAR"},"content":{"rendered":"<p>La Polic\u00eda recuper\u00f3 una bicicleta recientemente denunciada como sustra\u00edda<\/p>\n<p>En horas de la tarde de hoy 05-02-26, efectivos policiales dependientes de la Comisaria Decimo Segunda fueron alertados sobre un hecho delictivo registrado por Avenida Colon al 500 aproximadamente, donde personas desconocidas habr\u00edan sustra\u00eddo una bicicleta a un menor de edad.<\/p>\n<p>Por tal motivo, de forma inmediata con la colaboraci\u00f3n del personal del Grupo de Intervenci\u00f3n R\u00e1pida -GIR- y Destacamento San Marcos, dieron inicio a una intensa b\u00fasqueda, logrando finalmente visualizar a los presuntos autores en zonas del asentamiento de Alberdi, quienes al notar la presencia policial emprenden su huida y arrojan el rodado -marca Nordic rodado 29-.<\/p>\n<p>La bicicleta recuperada fue trasladada hasta la comisaria jurisdiccional a fin de continuar con las diligencias del caso.<\/p>\n","protected":false},"excerpt":{"rendered":"<p>La Polic\u00eda recuper\u00f3 una bicicleta recientemente denunciada como sustra\u00edda En horas de la tarde de hoy 05-02-26, efectivos policiales dependientes de la Comisaria Decimo Segunda fueron alertados sobre un hecho delictivo registrado por Avenida Colon al 500 aproximadamente, donde personas desconocidas habr\u00edan sustra\u00eddo una bicicleta a un menor de edad. Por tal motivo, de forma [&hellip;]<\/p>\n","protected":false},"author":4,"featured_media":146048,"comment_status":"closed","ping_status":"closed","sticky":false,"template":"","format":"standard","meta":{"footnotes":""},"categories":[58],"tags":[],"class_list":{"0":"post-146047","1":"post","2":"type-post","3":"status-publish","4":"format-standard","5":"has-post-thumbnail","7":"category-corrientes"},"_links":{"self":[{"href":"https:\/\/revistaesperanzas.com\/web\/wp-json\/wp\/v2\/posts\/146047","targetHints":{"allow":["GET"]}}],"collection":[{"href":"https:\/\/revistaesperanzas.com\/web\/wp-json\/wp\/v2\/posts"}],"about":[{"href":"https:\/\/revistaesperanzas.com\/web\/wp-json\/wp\/v2\/types\/post"}],"author":[{"embeddable":true,"href":"https:\/\/revistaesperanzas.com\/web\/wp-json\/wp\/v2\/users\/4"}],"replies":[{"embeddable":true,"href":"https:\/\/revistaesperanzas.com\/web\/wp-json\/wp\/v2\/comments?post=146047"}],"version-history":[{"count":1,"href":"https:\/\/revistaesperanzas.com\/web\/wp-json\/wp\/v2\/posts\/146047\/revisions"}],"predecessor-version":[{"id":146049,"href":"https:\/\/revistaesperanzas.com\/web\/wp-json\/wp\/v2\/posts\/146047\/revisions\/146049"}],"wp:featuredmedia":[{"embeddable":true,"href":"https:\/\/revistaesperanzas.com\/web\/wp-json\/wp\/v2\/media\/146048"}],"wp:attachment":[{"href":"https:\/\/revistaesperanzas.com\/web\/wp-json\/wp\/v2\/media?parent=146047"}],"wp:term":[{"taxonomy":"category","embeddable":true,"href":"https:\/\/revistaesperanzas.com\/web\/wp-json\/wp\/v2\/categories?post=146047"},{"taxonomy":"post_tag","embeddable":true,"href":"https:\/\/revistaesperanzas.com\/web\/wp-json\/wp\/v2\/tags?post=146047"}],"curies":[{"name":"wp","href":"https:\/\/api.w.org\/{rel}","templated":true}]}}