{"id":146050,"date":"2026-03-05T20:43:30","date_gmt":"2026-03-05T23:43:30","guid":{"rendered":"https:\/\/revistaesperanzas.com\/web\/?p=146050"},"modified":"2026-03-05T20:43:30","modified_gmt":"2026-03-05T23:43:30","slug":"curuzu-cuatia-amplio-operativo-policial-deja-un-saldo-positivo-con-drogas-y-detenidos","status":"publish","type":"post","link":"https:\/\/revistaesperanzas.com\/web\/2026\/03\/curuzu-cuatia-amplio-operativo-policial-deja-un-saldo-positivo-con-drogas-y-detenidos\/","title":{"rendered":"CURUZU CUATIA: AMPLIO OPERATIVO POLICIAL DEJA UN SALDO POSITIVO CON DROGAS Y DETENIDOS"},"content":{"rendered":"<p>Tras un allanamiento realizado, la Polic\u00eda secuestro plantas y dosis de marihuana, entre otros elementos. Por el hecho existe un hombre aprehendido.<\/p>\n<p>En el marco investigativo relacionado a la Ley 23.737, efectivos policiales dependientes de<a href=\"https:\/\/revistaesperanzas.com\/web\/2026\/03\/curuzu-cuatia-amplio-operativo-policial-deja-un-saldo-positivo-con-drogas-y-detenidos\/whatsapp-image-2026-03-05-at-20-20-31-2\/\" rel=\"attachment wp-att-146051\"><img loading=\"lazy\" decoding=\"async\" class=\" wp-image-146051 alignleft\" src=\"https:\/\/revistaesperanzas.com\/web\/wp-content\/uploads\/2026\/03\/WhatsApp-Image-2026-03-05-at-20.20.31-2.jpeg\" alt=\"\" width=\"531\" height=\"363\" srcset=\"https:\/\/revistaesperanzas.com\/web\/wp-content\/uploads\/2026\/03\/WhatsApp-Image-2026-03-05-at-20.20.31-2.jpeg 600w, https:\/\/revistaesperanzas.com\/web\/wp-content\/uploads\/2026\/03\/WhatsApp-Image-2026-03-05-at-20.20.31-2-218x150.jpeg 218w\" sizes=\"auto, (max-width: 531px) 100vw, 531px\" \/><\/a> las Comisarias de Distrito 1ra, 2da, 3ra, de la Mujer y El Menor, Divisi\u00f3n de Investigaci\u00f3n Criminal, GTO y Divisi\u00f3n Canes DE Curuz\u00fa Cuati\u00e1, en colaboraci\u00f3n con la Unidad Fiscal de Investigaci\u00f3n diligenciaron en la jornada de hoy 05-02-26, una orden de allanamiento en el cual secuestraron plantas y dosis de marihuana entre otras cosas y adem\u00e1s aprehendieron a un hombre mayor de edad.<a href=\"https:\/\/revistaesperanzas.com\/web\/2026\/03\/curuzu-cuatia-amplio-operativo-policial-deja-un-saldo-positivo-con-drogas-y-detenidos\/whatsapp-image-2026-03-05-at-20-20-31-1\/\" rel=\"attachment wp-att-146052\"><img loading=\"lazy\" decoding=\"async\" class=\" wp-image-146052 alignleft\" src=\"https:\/\/revistaesperanzas.com\/web\/wp-content\/uploads\/2026\/03\/WhatsApp-Image-2026-03-05-at-20.20.31-1.jpeg\" alt=\"\" width=\"324\" height=\"405\" srcset=\"https:\/\/revistaesperanzas.com\/web\/wp-content\/uploads\/2026\/03\/WhatsApp-Image-2026-03-05-at-20.20.31-1.jpeg 600w, https:\/\/revistaesperanzas.com\/web\/wp-content\/uploads\/2026\/03\/WhatsApp-Image-2026-03-05-at-20.20.31-1-336x420.jpeg 336w\" sizes=\"auto, (max-width: 324px) 100vw, 324px\" \/><\/a><\/p>\n<p>El procedimiento, lo concretaron mas precisamente en un domicilio ubicado por calle Castello al 1700 aproximadamente, lugar donde hallaron y secuestraron cinco plantas y 29 dosis de sustancia de origen vegetal, las cuales al efectuarse el correspondiente tes orientativo arrojo positivo para marihuana; as\u00ed tambi\u00e9n una balanza de precisi\u00f3n y un arma blanca -cuchillo-; adem\u00e1s por el hecho, aprehendieron a un hombre de 30 a\u00f1os de edad, quien tender\u00eda relaci\u00f3n con el hecho<a href=\"https:\/\/revistaesperanzas.com\/web\/2026\/03\/curuzu-cuatia-amplio-operativo-policial-deja-un-saldo-positivo-con-drogas-y-detenidos\/whatsapp-image-2026-03-05-at-20-20-32-1\/\" rel=\"attachment wp-att-146053\"><img loading=\"lazy\" decoding=\"async\" class=\" wp-image-146053 alignright\" src=\"https:\/\/revistaesperanzas.com\/web\/wp-content\/uploads\/2026\/03\/WhatsApp-Image-2026-03-05-at-20.20.32-1.jpeg\" alt=\"\" width=\"324\" height=\"405\" srcset=\"https:\/\/revistaesperanzas.com\/web\/wp-content\/uploads\/2026\/03\/WhatsApp-Image-2026-03-05-at-20.20.32-1.jpeg 600w, https:\/\/revistaesperanzas.com\/web\/wp-content\/uploads\/2026\/03\/WhatsApp-Image-2026-03-05-at-20.20.32-1-336x420.jpeg 336w\" sizes=\"auto, (max-width: 324px) 100vw, 324px\" \/><\/a> que se investiga.<\/p>\n<p>Al respecto, la persona aprehendida y lo secuestrado fueron puestos a disposici\u00f3n de la justicia y trasladados hasta la comisaria de Distrito Primera, a fin de continuar con las diligencias del caso.<\/p>\n","protected":false},"excerpt":{"rendered":"<p>Tras un allanamiento realizado, la Polic\u00eda secuestro plantas y dosis de marihuana, entre otros elementos. Por el hecho existe un hombre aprehendido. En el marco investigativo relacionado a la Ley 23.737, efectivos policiales dependientes de las Comisarias de Distrito 1ra, 2da, 3ra, de la Mujer y El Menor, Divisi\u00f3n de Investigaci\u00f3n Criminal, GTO y Divisi\u00f3n [&hellip;]<\/p>\n","protected":false},"author":4,"featured_media":146054,"comment_status":"closed","ping_status":"closed","sticky":false,"template":"","format":"standard","meta":{"footnotes":""},"categories":[58],"tags":[],"class_list":{"0":"post-146050","1":"post","2":"type-post","3":"status-publish","4":"format-standard","5":"has-post-thumbnail","7":"category-corrientes"},"_links":{"self":[{"href":"https:\/\/revistaesperanzas.com\/web\/wp-json\/wp\/v2\/posts\/146050","targetHints":{"allow":["GET"]}}],"collection":[{"href":"https:\/\/revistaesperanzas.com\/web\/wp-json\/wp\/v2\/posts"}],"about":[{"href":"https:\/\/revistaesperanzas.com\/web\/wp-json\/wp\/v2\/types\/post"}],"author":[{"embeddable":true,"href":"https:\/\/revistaesperanzas.com\/web\/wp-json\/wp\/v2\/users\/4"}],"replies":[{"embeddable":true,"href":"https:\/\/revistaesperanzas.com\/web\/wp-json\/wp\/v2\/comments?post=146050"}],"version-history":[{"count":2,"href":"https:\/\/revistaesperanzas.com\/web\/wp-json\/wp\/v2\/posts\/146050\/revisions"}],"predecessor-version":[{"id":146056,"href":"https:\/\/revistaesperanzas.com\/web\/wp-json\/wp\/v2\/posts\/146050\/revisions\/146056"}],"wp:featuredmedia":[{"embeddable":true,"href":"https:\/\/revistaesperanzas.com\/web\/wp-json\/wp\/v2\/media\/146054"}],"wp:attachment":[{"href":"https:\/\/revistaesperanzas.com\/web\/wp-json\/wp\/v2\/media?parent=146050"}],"wp:term":[{"taxonomy":"category","embeddable":true,"href":"https:\/\/revistaesperanzas.com\/web\/wp-json\/wp\/v2\/categories?post=146050"},{"taxonomy":"post_tag","embeddable":true,"href":"https:\/\/revistaesperanzas.com\/web\/wp-json\/wp\/v2\/tags?post=146050"}],"curies":[{"name":"wp","href":"https:\/\/api.w.org\/{rel}","templated":true}]}}