{"id":146057,"date":"2026-03-05T20:46:02","date_gmt":"2026-03-05T23:46:02","guid":{"rendered":"https:\/\/revistaesperanzas.com\/web\/?p=146057"},"modified":"2026-03-05T20:46:02","modified_gmt":"2026-03-05T23:46:02","slug":"itati-policia-de-corrientes-logra-recuperar-elementos-denunciados-como-sustraidos","status":"publish","type":"post","link":"https:\/\/revistaesperanzas.com\/web\/2026\/03\/itati-policia-de-corrientes-logra-recuperar-elementos-denunciados-como-sustraidos\/","title":{"rendered":"ITATI: POLICIA DE CORRIENTES LOGRA RECUPERAR ELEMENTOS DENUNCIADOS COMO SUSTRAIDOS"},"content":{"rendered":"<p>Luego de tareas investigativas, la Polic\u00eda recuper\u00f3 elementos denunciados como sustra\u00eddos.<\/p>\n<p>Efectivos policiales dependientes de la Comisaria de Distrito Itati, llevaron adelante tareas investigativas en relaci\u00f3n a un hecho delictivo, en el cual persona desconocida habr\u00eda sustra\u00eddo elementos del interior de un domicilio ubicado por calle Benigno Garay de esa localidad.<a href=\"https:\/\/revistaesperanzas.com\/web\/2026\/03\/itati-policia-de-corrientes-logra-recuperar-elementos-denunciados-como-sustraidos\/whatsapp-image-2026-03-05-at-12-49-36-2\/\" rel=\"attachment wp-att-146058\"><img loading=\"lazy\" decoding=\"async\" class=\" wp-image-146058 alignleft\" src=\"https:\/\/revistaesperanzas.com\/web\/wp-content\/uploads\/2026\/03\/WhatsApp-Image-2026-03-05-at-12.49.36-1.jpeg\" alt=\"\" width=\"473\" height=\"323\" srcset=\"https:\/\/revistaesperanzas.com\/web\/wp-content\/uploads\/2026\/03\/WhatsApp-Image-2026-03-05-at-12.49.36-1.jpeg 600w, https:\/\/revistaesperanzas.com\/web\/wp-content\/uploads\/2026\/03\/WhatsApp-Image-2026-03-05-at-12.49.36-1-218x150.jpeg 218w\" sizes=\"auto, (max-width: 473px) 100vw, 473px\" \/><\/a><\/p>\n<p>Por el hecho, finalmente los mencionados efectivos lograron en horas del mediod\u00eda de hoy 06-02-26, hallar y secuestrar por calle Desideria Sosa un bolso y una licuadora, los cuales serian los mismos denunciados como sustra\u00eddos.<\/p>\n<p>Al respecto, los elementos recuperados fueron trasladados hasta la mencionada comisaria de Distrito, donde se llevan a cabo las diligencias del caso.<\/p>\n","protected":false},"excerpt":{"rendered":"<p>Luego de tareas investigativas, la Polic\u00eda recuper\u00f3 elementos denunciados como sustra\u00eddos. Efectivos policiales dependientes de la Comisaria de Distrito Itati, llevaron adelante tareas investigativas en relaci\u00f3n a un hecho delictivo, en el cual persona desconocida habr\u00eda sustra\u00eddo elementos del interior de un domicilio ubicado por calle Benigno Garay de esa localidad. Por el hecho, finalmente [&hellip;]<\/p>\n","protected":false},"author":4,"featured_media":146059,"comment_status":"closed","ping_status":"closed","sticky":false,"template":"","format":"standard","meta":{"footnotes":""},"categories":[58],"tags":[],"class_list":{"0":"post-146057","1":"post","2":"type-post","3":"status-publish","4":"format-standard","5":"has-post-thumbnail","7":"category-corrientes"},"_links":{"self":[{"href":"https:\/\/revistaesperanzas.com\/web\/wp-json\/wp\/v2\/posts\/146057","targetHints":{"allow":["GET"]}}],"collection":[{"href":"https:\/\/revistaesperanzas.com\/web\/wp-json\/wp\/v2\/posts"}],"about":[{"href":"https:\/\/revistaesperanzas.com\/web\/wp-json\/wp\/v2\/types\/post"}],"author":[{"embeddable":true,"href":"https:\/\/revistaesperanzas.com\/web\/wp-json\/wp\/v2\/users\/4"}],"replies":[{"embeddable":true,"href":"https:\/\/revistaesperanzas.com\/web\/wp-json\/wp\/v2\/comments?post=146057"}],"version-history":[{"count":2,"href":"https:\/\/revistaesperanzas.com\/web\/wp-json\/wp\/v2\/posts\/146057\/revisions"}],"predecessor-version":[{"id":146061,"href":"https:\/\/revistaesperanzas.com\/web\/wp-json\/wp\/v2\/posts\/146057\/revisions\/146061"}],"wp:featuredmedia":[{"embeddable":true,"href":"https:\/\/revistaesperanzas.com\/web\/wp-json\/wp\/v2\/media\/146059"}],"wp:attachment":[{"href":"https:\/\/revistaesperanzas.com\/web\/wp-json\/wp\/v2\/media?parent=146057"}],"wp:term":[{"taxonomy":"category","embeddable":true,"href":"https:\/\/revistaesperanzas.com\/web\/wp-json\/wp\/v2\/categories?post=146057"},{"taxonomy":"post_tag","embeddable":true,"href":"https:\/\/revistaesperanzas.com\/web\/wp-json\/wp\/v2\/tags?post=146057"}],"curies":[{"name":"wp","href":"https:\/\/api.w.org\/{rel}","templated":true}]}}