{"id":146062,"date":"2026-03-05T21:19:10","date_gmt":"2026-03-06T00:19:10","guid":{"rendered":"https:\/\/revistaesperanzas.com\/web\/?p=146062"},"modified":"2026-03-05T21:19:10","modified_gmt":"2026-03-06T00:19:10","slug":"operativos-de-controles-vehiculares-en-distintos-puntos-de-goya","status":"publish","type":"post","link":"https:\/\/revistaesperanzas.com\/web\/2026\/03\/operativos-de-controles-vehiculares-en-distintos-puntos-de-goya\/","title":{"rendered":"OPERATIVOS DE CONTROLES VEHICULARES EN DISTINTOS PUNTOS DE GOYA"},"content":{"rendered":"<p class=\"x_MsoNormal\"><span lang=\"ES\">En un trabajo articulado que busca reforzar la seguridad vial en la ciudad, el pasado mi\u00e9rcoles 25 de febrero \u2014la semana pasada\u2014 y nuevamente en la noche de ayer, la Polic\u00eda<a href=\"https:\/\/revistaesperanzas.com\/web\/2026\/03\/operativos-de-controles-vehiculares-en-distintos-puntos-de-goya\/transito-4\/\" rel=\"attachment wp-att-146063\"><img loading=\"lazy\" decoding=\"async\" class=\" wp-image-146063 alignleft\" src=\"https:\/\/revistaesperanzas.com\/web\/wp-content\/uploads\/2026\/03\/transito-4.jpeg\" alt=\"\" width=\"451\" height=\"308\" srcset=\"https:\/\/revistaesperanzas.com\/web\/wp-content\/uploads\/2026\/03\/transito-4.jpeg 600w, https:\/\/revistaesperanzas.com\/web\/wp-content\/uploads\/2026\/03\/transito-4-218x150.jpeg 218w\" sizes=\"auto, (max-width: 451px) 100vw, 451px\" \/><\/a> de Corrientes, a trav\u00e9s de la Seccional 3\u00aa y la Seccional 5\u00aa, llev\u00f3 adelante operativos de control vehicular en conjunto con la Direcci\u00f3n de Tr\u00e1nsito de la Municipalidad de Goya.<\/span><\/p>\n<p class=\"x_MsoNormal\"><span lang=\"ES\">\u00a0<\/span><span lang=\"ES\">Los procedimientos se desplegaron en distintos puntos estrat\u00e9gicos de la ciudad, con el objetivo de<a href=\"https:\/\/revistaesperanzas.com\/web\/2026\/03\/operativos-de-controles-vehiculares-en-distintos-puntos-de-goya\/transito-6\/\" rel=\"attachment wp-att-146064\"><img loading=\"lazy\" decoding=\"async\" class=\" wp-image-146064 alignright\" src=\"https:\/\/revistaesperanzas.com\/web\/wp-content\/uploads\/2026\/03\/transito-6.jpeg\" alt=\"\" width=\"451\" height=\"308\" srcset=\"https:\/\/revistaesperanzas.com\/web\/wp-content\/uploads\/2026\/03\/transito-6.jpeg 600w, https:\/\/revistaesperanzas.com\/web\/wp-content\/uploads\/2026\/03\/transito-6-218x150.jpeg 218w\" sizes=\"auto, (max-width: 451px) 100vw, 451px\" \/><\/a> intensificar la fiscalizaci\u00f3n y promover el cumplimiento de las normas vigentes. Durante los controles se verific\u00f3 la documentaci\u00f3n obligatoria de los veh\u00edculos, se realizaron test de alcoholemia a conductores y se supervis\u00f3 el uso correcto del casco en motociclistas, uno de los aspectos centrales en materia de<a href=\"https:\/\/revistaesperanzas.com\/web\/2026\/03\/operativos-de-controles-vehiculares-en-distintos-puntos-de-goya\/transito-2-2\/\" rel=\"attachment wp-att-146065\"><img loading=\"lazy\" decoding=\"async\" class=\" wp-image-146065 alignleft\" src=\"https:\/\/revistaesperanzas.com\/web\/wp-content\/uploads\/2026\/03\/transito-2.jpeg\" alt=\"\" width=\"451\" height=\"308\" srcset=\"https:\/\/revistaesperanzas.com\/web\/wp-content\/uploads\/2026\/03\/transito-2.jpeg 600w, https:\/\/revistaesperanzas.com\/web\/wp-content\/uploads\/2026\/03\/transito-2-218x150.jpeg 218w\" sizes=\"auto, (max-width: 451px) 100vw, 451px\" \/><\/a> prevenci\u00f3n.<\/span><\/p>\n<p class=\"x_MsoNormal\"><span lang=\"ES\">\u00a0<\/span><span lang=\"ES\">Desde las \u00e1reas intervinientes se\u00f1alaron que estos operativos conjuntos continuar\u00e1n realiz\u00e1ndose de manera semanal en diferentes sectores de Goya, con el fin de fortalecer la presencia preventiva en la v\u00eda p\u00fablica y generar mayor conciencia en la comunidad<a href=\"https:\/\/revistaesperanzas.com\/web\/2026\/03\/operativos-de-controles-vehiculares-en-distintos-puntos-de-goya\/transito-3\/\" rel=\"attachment wp-att-146066\"><img loading=\"lazy\" decoding=\"async\" class=\" wp-image-146066 alignright\" src=\"https:\/\/revistaesperanzas.com\/web\/wp-content\/uploads\/2026\/03\/transito-3.jpeg\" alt=\"\" width=\"451\" height=\"308\" srcset=\"https:\/\/revistaesperanzas.com\/web\/wp-content\/uploads\/2026\/03\/transito-3.jpeg 600w, https:\/\/revistaesperanzas.com\/web\/wp-content\/uploads\/2026\/03\/transito-3-218x150.jpeg 218w\" sizes=\"auto, (max-width: 451px) 100vw, 451px\" \/><\/a> sobre la importancia de respetar las normas de tr\u00e1nsito.<\/span><\/p>\n<p class=\"x_MsoNormal\"><span lang=\"ES\">\u00a0<\/span><span lang=\"ES\">La iniciativa apunta no s\u00f3lo a sancionar infracciones, sino tambi\u00e9n a consolidar una cultura de responsabilidad y cuidado colectivo, entendiendo que la seguridad vial es una construcci\u00f3n diaria que requiere del compromiso tanto de las autoridades como de los ciudadanos.<\/span><\/p>\n","protected":false},"excerpt":{"rendered":"<p>En un trabajo articulado que busca reforzar la seguridad vial en la ciudad, el pasado mi\u00e9rcoles 25 de febrero \u2014la semana pasada\u2014 y nuevamente en la noche de ayer, la Polic\u00eda de Corrientes, a trav\u00e9s de la Seccional 3\u00aa y la Seccional 5\u00aa, llev\u00f3 adelante operativos de control vehicular en conjunto con la Direcci\u00f3n de [&hellip;]<\/p>\n","protected":false},"author":4,"featured_media":146067,"comment_status":"closed","ping_status":"closed","sticky":false,"template":"","format":"standard","meta":{"footnotes":""},"categories":[45],"tags":[],"class_list":{"0":"post-146062","1":"post","2":"type-post","3":"status-publish","4":"format-standard","5":"has-post-thumbnail","7":"category-locales"},"_links":{"self":[{"href":"https:\/\/revistaesperanzas.com\/web\/wp-json\/wp\/v2\/posts\/146062","targetHints":{"allow":["GET"]}}],"collection":[{"href":"https:\/\/revistaesperanzas.com\/web\/wp-json\/wp\/v2\/posts"}],"about":[{"href":"https:\/\/revistaesperanzas.com\/web\/wp-json\/wp\/v2\/types\/post"}],"author":[{"embeddable":true,"href":"https:\/\/revistaesperanzas.com\/web\/wp-json\/wp\/v2\/users\/4"}],"replies":[{"embeddable":true,"href":"https:\/\/revistaesperanzas.com\/web\/wp-json\/wp\/v2\/comments?post=146062"}],"version-history":[{"count":2,"href":"https:\/\/revistaesperanzas.com\/web\/wp-json\/wp\/v2\/posts\/146062\/revisions"}],"predecessor-version":[{"id":146069,"href":"https:\/\/revistaesperanzas.com\/web\/wp-json\/wp\/v2\/posts\/146062\/revisions\/146069"}],"wp:featuredmedia":[{"embeddable":true,"href":"https:\/\/revistaesperanzas.com\/web\/wp-json\/wp\/v2\/media\/146067"}],"wp:attachment":[{"href":"https:\/\/revistaesperanzas.com\/web\/wp-json\/wp\/v2\/media?parent=146062"}],"wp:term":[{"taxonomy":"category","embeddable":true,"href":"https:\/\/revistaesperanzas.com\/web\/wp-json\/wp\/v2\/categories?post=146062"},{"taxonomy":"post_tag","embeddable":true,"href":"https:\/\/revistaesperanzas.com\/web\/wp-json\/wp\/v2\/tags?post=146062"}],"curies":[{"name":"wp","href":"https:\/\/api.w.org\/{rel}","templated":true}]}}