{"id":146070,"date":"2026-03-05T21:29:51","date_gmt":"2026-03-06T00:29:51","guid":{"rendered":"https:\/\/revistaesperanzas.com\/web\/?p=146070"},"modified":"2026-03-05T21:29:51","modified_gmt":"2026-03-06T00:29:51","slug":"instalan-canos-de-alta-densidad-en-obra-de-desagues-pluviales-en-calle-9-de-julio-y-avenida-madariaga","status":"publish","type":"post","link":"https:\/\/revistaesperanzas.com\/web\/2026\/03\/instalan-canos-de-alta-densidad-en-obra-de-desagues-pluviales-en-calle-9-de-julio-y-avenida-madariaga\/","title":{"rendered":"INSTALAN CA\u00d1OS DE ALTA DENSIDAD EN OBRA DE DESAG\u00dcES PLUVIALES EN CALLE 9 DE JULIO Y AVENIDA MADARIAGA"},"content":{"rendered":"<p class=\"x_MsoNormal\"><span lang=\"ES\">La Municipalidad avanza a paso firme con la obra de gran magnitud en uno de los puntos<a href=\"https:\/\/revistaesperanzas.com\/web\/2026\/03\/instalan-canos-de-alta-densidad-en-obra-de-desagues-pluviales-en-calle-9-de-julio-y-avenida-madariaga\/prodego-3-2\/\" rel=\"attachment wp-att-146071\"><img loading=\"lazy\" decoding=\"async\" class=\" wp-image-146071 alignleft\" src=\"https:\/\/revistaesperanzas.com\/web\/wp-content\/uploads\/2026\/03\/prodego-3.jpeg\" alt=\"\" width=\"451\" height=\"308\" srcset=\"https:\/\/revistaesperanzas.com\/web\/wp-content\/uploads\/2026\/03\/prodego-3.jpeg 600w, https:\/\/revistaesperanzas.com\/web\/wp-content\/uploads\/2026\/03\/prodego-3-218x150.jpeg 218w\" sizes=\"auto, (max-width: 451px) 100vw, 451px\" \/><\/a> de la ciudad: la intersecci\u00f3n de calle 9 de Julio y avenida Madariaga.<\/span><\/p>\n<p class=\"x_MsoNormal\"><span lang=\"ES\">Desde el pasado martes se dio inicio a la colocaci\u00f3n de ca\u00f1os de polietileno de alta densidad de 800 mil\u00edmetros de di\u00e1metro, tarea que se desarrolla a buen ritmo gracias al acompa\u00f1amiento de condiciones clim\u00e1ticas<a href=\"https:\/\/revistaesperanzas.com\/web\/2026\/03\/instalan-canos-de-alta-densidad-en-obra-de-desagues-pluviales-en-calle-9-de-julio-y-avenida-madariaga\/prodego-2\/\" rel=\"attachment wp-att-146075\"><img loading=\"lazy\" decoding=\"async\" class=\" wp-image-146075 alignright\" src=\"https:\/\/revistaesperanzas.com\/web\/wp-content\/uploads\/2026\/03\/prodego-2.jpeg\" alt=\"\" width=\"451\" height=\"308\" srcset=\"https:\/\/revistaesperanzas.com\/web\/wp-content\/uploads\/2026\/03\/prodego-2.jpeg 600w, https:\/\/revistaesperanzas.com\/web\/wp-content\/uploads\/2026\/03\/prodego-2-218x150.jpeg 218w\" sizes=\"auto, (max-width: 451px) 100vw, 451px\" \/><\/a> favorables. La intervenci\u00f3n forma parte de un plan integral destinado a mejorar de manera sustancial el sistema de desag\u00fces pluviales en ese sector estrat\u00e9gico.<\/span><\/p>\n<p class=\"x_MsoNormal\"><span lang=\"ES\">En esta etapa, los trabajos son ejecutados por el PRODEGO y comprenden la reparaci\u00f3n de un conducto<a href=\"https:\/\/revistaesperanzas.com\/web\/2026\/03\/instalan-canos-de-alta-densidad-en-obra-de-desagues-pluviales-en-calle-9-de-julio-y-avenida-madariaga\/whatsapp-image-2026-03-04-at-19-17-34\/\" rel=\"attachment wp-att-146073\"><img loading=\"lazy\" decoding=\"async\" class=\" wp-image-146073 alignleft\" src=\"https:\/\/revistaesperanzas.com\/web\/wp-content\/uploads\/2026\/03\/WhatsApp-Image-2026-03-04-at-19.17.34.jpeg\" alt=\"\" width=\"451\" height=\"308\" srcset=\"https:\/\/revistaesperanzas.com\/web\/wp-content\/uploads\/2026\/03\/WhatsApp-Image-2026-03-04-at-19.17.34.jpeg 600w, https:\/\/revistaesperanzas.com\/web\/wp-content\/uploads\/2026\/03\/WhatsApp-Image-2026-03-04-at-19.17.34-218x150.jpeg 218w\" sizes=\"auto, (max-width: 451px) 100vw, 451px\" \/><\/a> pluvial existente de 800 mil\u00edmetros de di\u00e1metro, junto con la construcci\u00f3n de un nuevo tramo de conexi\u00f3n. Esta nueva infraestructura permitir\u00e1 vincular las bocas de tormenta con la c\u00e1mara del conducto principal que desemboca en la estaci\u00f3n de bombeo ubicada sobre la avenida Madariaga, optimizando as\u00ed el drenaje del agua de lluvia y reduciendo el riesgo de anegamientos.<a href=\"https:\/\/revistaesperanzas.com\/web\/2026\/03\/instalan-canos-de-alta-densidad-en-obra-de-desagues-pluviales-en-calle-9-de-julio-y-avenida-madariaga\/whatsapp-image-2026-03-03-at-17-17-44\/\" rel=\"attachment wp-att-146074\"><img loading=\"lazy\" decoding=\"async\" class=\"alignnone  wp-image-146074\" src=\"https:\/\/revistaesperanzas.com\/web\/wp-content\/uploads\/2026\/03\/WhatsApp-Image-2026-03-03-at-17.17.44.jpeg\" alt=\"\" width=\"702\" height=\"480\" srcset=\"https:\/\/revistaesperanzas.com\/web\/wp-content\/uploads\/2026\/03\/WhatsApp-Image-2026-03-03-at-17.17.44.jpeg 600w, https:\/\/revistaesperanzas.com\/web\/wp-content\/uploads\/2026\/03\/WhatsApp-Image-2026-03-03-at-17.17.44-218x150.jpeg 218w\" sizes=\"auto, (max-width: 702px) 100vw, 702px\" \/><\/a><\/span><\/p>\n<p class=\"x_MsoNormal\"><span lang=\"ES\">\u00a0<\/span><\/p>\n","protected":false},"excerpt":{"rendered":"<p>La Municipalidad avanza a paso firme con la obra de gran magnitud en uno de los puntos de la ciudad: la intersecci\u00f3n de calle 9 de Julio y avenida Madariaga. Desde el pasado martes se dio inicio a la colocaci\u00f3n de ca\u00f1os de polietileno de alta densidad de 800 mil\u00edmetros de di\u00e1metro, tarea que se [&hellip;]<\/p>\n","protected":false},"author":4,"featured_media":146076,"comment_status":"closed","ping_status":"closed","sticky":false,"template":"","format":"standard","meta":{"footnotes":""},"categories":[45],"tags":[],"class_list":{"0":"post-146070","1":"post","2":"type-post","3":"status-publish","4":"format-standard","5":"has-post-thumbnail","7":"category-locales"},"_links":{"self":[{"href":"https:\/\/revistaesperanzas.com\/web\/wp-json\/wp\/v2\/posts\/146070","targetHints":{"allow":["GET"]}}],"collection":[{"href":"https:\/\/revistaesperanzas.com\/web\/wp-json\/wp\/v2\/posts"}],"about":[{"href":"https:\/\/revistaesperanzas.com\/web\/wp-json\/wp\/v2\/types\/post"}],"author":[{"embeddable":true,"href":"https:\/\/revistaesperanzas.com\/web\/wp-json\/wp\/v2\/users\/4"}],"replies":[{"embeddable":true,"href":"https:\/\/revistaesperanzas.com\/web\/wp-json\/wp\/v2\/comments?post=146070"}],"version-history":[{"count":2,"href":"https:\/\/revistaesperanzas.com\/web\/wp-json\/wp\/v2\/posts\/146070\/revisions"}],"predecessor-version":[{"id":146078,"href":"https:\/\/revistaesperanzas.com\/web\/wp-json\/wp\/v2\/posts\/146070\/revisions\/146078"}],"wp:featuredmedia":[{"embeddable":true,"href":"https:\/\/revistaesperanzas.com\/web\/wp-json\/wp\/v2\/media\/146076"}],"wp:attachment":[{"href":"https:\/\/revistaesperanzas.com\/web\/wp-json\/wp\/v2\/media?parent=146070"}],"wp:term":[{"taxonomy":"category","embeddable":true,"href":"https:\/\/revistaesperanzas.com\/web\/wp-json\/wp\/v2\/categories?post=146070"},{"taxonomy":"post_tag","embeddable":true,"href":"https:\/\/revistaesperanzas.com\/web\/wp-json\/wp\/v2\/tags?post=146070"}],"curies":[{"name":"wp","href":"https:\/\/api.w.org\/{rel}","templated":true}]}}