{"id":146079,"date":"2026-03-05T21:31:39","date_gmt":"2026-03-06T00:31:39","guid":{"rendered":"https:\/\/revistaesperanzas.com\/web\/?p=146079"},"modified":"2026-03-05T21:31:39","modified_gmt":"2026-03-06T00:31:39","slug":"una-patota-ataco-una-casa-e-hirio-a-una-bebe","status":"publish","type":"post","link":"https:\/\/revistaesperanzas.com\/web\/2026\/03\/una-patota-ataco-una-casa-e-hirio-a-una-bebe\/","title":{"rendered":"UNA PATOTA ATAC\u00d3 UNA CASA E HIRI\u00d3 A UNA BEB\u00c9"},"content":{"rendered":"<p class=\"x_MsoNormal\"><span lang=\"ES\">Johana Segovia, madre de la beba que recibi\u00f3 un impacto de piedra por parte de una \u201cpatota\u201d, en declaraciones radial relat\u00f3 lo sucedido.<\/span><\/p>\n<p class=\"x_MsoNormal\"><span lang=\"ES\">Un violento hecho se registr\u00f3 en el barrio Sc\u00f3fano de nuestra ciudad de Goya en horas de la madrugada del pasado lunes. Seg\u00fan la denuncia, todo comenz\u00f3 con amenazas e insultos a trav\u00e9s de WhatsApp. Al menos diez personas se presentaron en el domicilio de la denunciante Segovia y comenzaron a arrojar piedras.\u00a0 En medio del ataque, uno de los agresores utiliz\u00f3 una honda y lanz\u00f3 un proyectil que impact\u00f3 de lleno en la cara de una menor.<\/span><\/p>\n<p class=\"x_MsoNormal\"><span lang=\"ES\">\u201cEl domingo un grupo de muchachos, a quien conoc\u00eda, me enviaron un audio amenaz\u00e1ndonos, a lo que les indique que no hicieran nada, para evitar complicaciones bloquee el n\u00famero\u201d, manifest\u00f3 Johana.<\/span><\/p>\n<p class=\"x_MsoNormal\"><span lang=\"ES\">\u201cQuise llamar a la polic\u00eda, los nervios me impidieron hacer la llamada al 911, nos encerramos en la pieza (vivimos en una vivienda precaria)\u201d, agreg\u00f3.<\/span><\/p>\n<p class=\"x_MsoNormal\"><span lang=\"ES\">\u201cAnte ruidos, mi pareja sali\u00f3 al patio y como respuesta nos lanzaron cascotazos, que impact\u00f3 en mi bebe, el resto atac\u00f3 a mi pareja, incluso nos amenazaron con incendiar nuestra vivienda\u201d, subray\u00f3 Segovia.<\/span><\/p>\n<p class=\"x_MsoNormal\"><span lang=\"ES\">La madre de la beba herida manifest\u00f3: \u201cA una sola de esas personas conozco, incluso fue quien impart\u00eda las \u201cordenes\u201d para atacarnos, presumo que estaban alcoholizados o bajo el consumo de estupefaciente\u201d.<\/span><\/p>\n<p class=\"x_MsoNormal\"><span lang=\"ES\">En ese sentido indic\u00f3 Johana Segovia: \u201cMe traslade a la casa de mi madre que vive cerca de nuestro domicilio, ah\u00ed pude llamar a la polic\u00eda, incluso la fuerza policial se traslad\u00f3 hasta el hospital, donde atendieron a mi hija, le colocaron un punto, no paso a mayores\u201d.<\/span><\/p>\n<p class=\"x_MsoNormal\"><span lang=\"ES\">Asimismo, a\u00f1adi\u00f3: \u201cpero no entiendo esta actitud, en estos momentos tras la denuncia estoy en otro domicilio, (resguardado por razones de seguridad), mi pareja hace changas, estamos atemorizados por las amenazas, incluso \u00e9l no puede salir a \u201ctrabajar\u201d.<\/span><\/p>\n<p class=\"x_MsoNormal\"><span lang=\"ES\">\u201cEstamos con esta situaci\u00f3n, y necesitamos los pa\u00f1ales, la comida de mi bebe, quien tiene un trauma a causa de los golpes que no puede alimentarse\u201d, asever\u00f3 Johana Segovia.<\/span><\/p>\n<p class=\"x_MsoNormal\"><span lang=\"ES\">Con respecto a la denuncia realizada, la madre de la beba agredida expres\u00f3: \u201cAhora estamos evaluando llevar la denuncia a la Fiscal\u00eda, incluso pusimos abogados para que nos asista\u201d.<\/span><\/p>\n<p class=\"x_MsoNormal\"><span lang=\"ES\">\u201cNunca pens\u00e9 que esto iba a ocurrir, no entiendo este ataque con este grupo de muchachos, ten\u00edan elementos como cascotes, botellas, nos genera preocupaci\u00f3n, miedo, estamos refugiados, mi hija est\u00e1 con nosotros, es algo horrible lo sucedido, tratamos de contenernos por este hecho de violencia\u201d, dijo en la entrevista realizada.<\/span><\/p>\n<p class=\"x_MsoNormal\"><span lang=\"ES\">\u201cLa \u201cagresora\u201d es de apellido Gonz\u00e1lez, expongo p\u00fablicamente para que se sepa, seguimos sin entender estas reacciones, porque nunca hemos tenido ning\u00fan problema\u201d, concluy\u00f3 Segovia.<\/span><\/p>\n","protected":false},"excerpt":{"rendered":"<p>Johana Segovia, madre de la beba que recibi\u00f3 un impacto de piedra por parte de una \u201cpatota\u201d, en declaraciones radial relat\u00f3 lo sucedido. Un violento hecho se registr\u00f3 en el barrio Sc\u00f3fano de nuestra ciudad de Goya en horas de la madrugada del pasado lunes. Seg\u00fan la denuncia, todo comenz\u00f3 con amenazas e insultos a [&hellip;]<\/p>\n","protected":false},"author":4,"featured_media":146080,"comment_status":"closed","ping_status":"closed","sticky":false,"template":"","format":"standard","meta":{"footnotes":""},"categories":[45],"tags":[],"class_list":{"0":"post-146079","1":"post","2":"type-post","3":"status-publish","4":"format-standard","5":"has-post-thumbnail","7":"category-locales"},"_links":{"self":[{"href":"https:\/\/revistaesperanzas.com\/web\/wp-json\/wp\/v2\/posts\/146079","targetHints":{"allow":["GET"]}}],"collection":[{"href":"https:\/\/revistaesperanzas.com\/web\/wp-json\/wp\/v2\/posts"}],"about":[{"href":"https:\/\/revistaesperanzas.com\/web\/wp-json\/wp\/v2\/types\/post"}],"author":[{"embeddable":true,"href":"https:\/\/revistaesperanzas.com\/web\/wp-json\/wp\/v2\/users\/4"}],"replies":[{"embeddable":true,"href":"https:\/\/revistaesperanzas.com\/web\/wp-json\/wp\/v2\/comments?post=146079"}],"version-history":[{"count":1,"href":"https:\/\/revistaesperanzas.com\/web\/wp-json\/wp\/v2\/posts\/146079\/revisions"}],"predecessor-version":[{"id":146081,"href":"https:\/\/revistaesperanzas.com\/web\/wp-json\/wp\/v2\/posts\/146079\/revisions\/146081"}],"wp:featuredmedia":[{"embeddable":true,"href":"https:\/\/revistaesperanzas.com\/web\/wp-json\/wp\/v2\/media\/146080"}],"wp:attachment":[{"href":"https:\/\/revistaesperanzas.com\/web\/wp-json\/wp\/v2\/media?parent=146079"}],"wp:term":[{"taxonomy":"category","embeddable":true,"href":"https:\/\/revistaesperanzas.com\/web\/wp-json\/wp\/v2\/categories?post=146079"},{"taxonomy":"post_tag","embeddable":true,"href":"https:\/\/revistaesperanzas.com\/web\/wp-json\/wp\/v2\/tags?post=146079"}],"curies":[{"name":"wp","href":"https:\/\/api.w.org\/{rel}","templated":true}]}}