{"id":146082,"date":"2026-03-05T21:35:17","date_gmt":"2026-03-06T00:35:17","guid":{"rendered":"https:\/\/revistaesperanzas.com\/web\/?p=146082"},"modified":"2026-03-05T21:35:17","modified_gmt":"2026-03-06T00:35:17","slug":"tres-en-una-celebrara-el-dia-de-la-mujer-con-un-show-versatil-en-goya","status":"publish","type":"post","link":"https:\/\/revistaesperanzas.com\/web\/2026\/03\/tres-en-una-celebrara-el-dia-de-la-mujer-con-un-show-versatil-en-goya\/","title":{"rendered":"TRES EN UNA CELEBRAR\u00c1 EL D\u00cdA DE LA MUJER CON UN SHOW VERS\u00c1TIL EN GOYA"},"content":{"rendered":"<p class=\"x_MsoNormal\">El tr\u00edo musical Tres en Una, compuesto por Alejandra Moro, Valeria Britos y Mariana Pozzer, se prepara para una presentaci\u00f3n especial este s\u00e1bado en Amore M\u00edo (Sociedad Italiana de Goya), en el marco de la celebraci\u00f3n del D\u00eda de la Mujer. Conocidas por su versatilidad, las artistas prometen un espect\u00e1culo en vivo que fusiona g\u00e9neros como rock, folklore, baladas y pop, destacando su compa\u00f1erismo y energ\u00eda en el escenario.<\/p>\n<p class=\"x_MsoNormal\">El evento, que tendr\u00e1 lugar en Ej\u00e9rcito Argentino 442, Sociedad Italiana, ofrecer\u00e1 una propuesta cultural que incluye caf\u00e9 y pasteler\u00eda artesanal, creando un ambiente acogedor para los asistentes. La actuaci\u00f3n est\u00e1 programada para el s\u00e1bado 7 de marzo de 2026, en sinton\u00eda con las celebraciones del D\u00eda de la Mujer.<a href=\"https:\/\/revistaesperanzas.com\/web\/2026\/03\/tres-en-una-celebrara-el-dia-de-la-mujer-con-un-show-versatil-en-goya\/tres-en-una-amore-mio-2-flyr\/\" rel=\"attachment wp-att-146084\"><img loading=\"lazy\" decoding=\"async\" class=\" wp-image-146084 alignleft\" src=\"https:\/\/revistaesperanzas.com\/web\/wp-content\/uploads\/2026\/03\/Tres-en-una-Amore-Mio-2-Flyr.jpg\" alt=\"\" width=\"702\" height=\"585\" srcset=\"https:\/\/revistaesperanzas.com\/web\/wp-content\/uploads\/2026\/03\/Tres-en-una-Amore-Mio-2-Flyr.jpg 600w, https:\/\/revistaesperanzas.com\/web\/wp-content\/uploads\/2026\/03\/Tres-en-una-Amore-Mio-2-Flyr-504x420.jpg 504w\" sizes=\"auto, (max-width: 702px) 100vw, 702px\" \/><\/a><\/p>\n<p class=\"x_MsoNormal\">En declaraciones a Radio Ciudad, Valeria Brito comparti\u00f3 los or\u00edgenes del grupo: \u201cLa idea surgi\u00f3 de un evento que hice, Ale (Moro) siempre estuvo acompa\u00f1\u00e1ndome en ese evento, y un d\u00eda la cruc\u00e9 a Mariana Pozzer y la invit\u00e9 a cantar si quer\u00eda. Hice un encuentro de mi taller de canto, donde nos juntamos. Cuando termin\u00f3, ella me dijo: \u201ctenemos que hacer algo. As\u00ed surgi\u00f3 todo\u201d.<\/p>\n<p class=\"x_MsoNormal\">Consultadas sobre c\u00f3mo logran su distintiva versatilidad, explicaron: \u201cHacemos temas individuales, cada una elige un tema, lo canta, luego hacemos d\u00faos y despu\u00e9s tr\u00edos. Cantamos con pistas. El tema de los m\u00fasicos es complicado; la mayor\u00eda toca en varias bandas al mismo tiempo\u201d.<\/p>\n<p class=\"x_MsoNormal\">Las artistas tambi\u00e9n resaltaron la importancia del apoyo cultural en la regi\u00f3n, reconociendo la labor de Federico Taglioretti, due\u00f1o del espacio, por su compromiso con la escena local. &#8220;No mucha gente lo hace&#8221;, resaltaron.<\/p>\n<p class=\"x_MsoNormal\">La actuaci\u00f3n se extiende unas dos horas, y \u201chay un \u201cderecho de espect\u00e1culo\u201d, pero no lo ponemos nosotros como grupo; nosotros cantamos, nada m\u00e1s, brindamos nuestra presencia\u201d, explic\u00f3.<\/p>\n<p class=\"x_MsoNormal\">Adem\u00e1s, reflexionaron sobre el significado de su presentaci\u00f3n en el D\u00eda de la Mujer. \u201cTodos los a\u00f1os, en el D\u00eda de la Mujer, merecemos un lugar importante, pero hay un d\u00eda en que se rinde homenaje a la mujer, y all\u00ed estaremos, las tres que venimos de g\u00e9neros distintos de la m\u00fasica, y organizamos un hermoso ensamble&#8221;.<\/p>\n<p class=\"x_MsoNormal\">Con una filosof\u00eda clara sobre su arte, dijeron las artistas: &#8220;La m\u00fasica es para compartir, no para competir&#8221;.<\/p>\n<p class=\"x_MsoNormal\">En cuanto a los g\u00e9neros que se interpretar\u00e1n, se encuentran: balada, rock, cumbia, pop, rock nacional.<\/p>\n<p class=\"x_MsoNormal\">No obstante, destacaron su apertura a nuevas propuestas y desaf\u00edos. \u201cDesde el momento en que ensamblamos tres generaciones distintas, estamos abiertas a todo lo que se pueda presentar en un trabajo en vivo\u201d, afirmaron.<\/p>\n<p class=\"x_MsoNormal\">La cita para disfrutar de Tres en Una es el s\u00e1bado 7, a las 23 horas en el local gastron\u00f3mico de la Sociedad Italiana de nuestra ciudad.<\/p>\n","protected":false},"excerpt":{"rendered":"<p>El tr\u00edo musical Tres en Una, compuesto por Alejandra Moro, Valeria Britos y Mariana Pozzer, se prepara para una presentaci\u00f3n especial este s\u00e1bado en Amore M\u00edo (Sociedad Italiana de Goya), en el marco de la celebraci\u00f3n del D\u00eda de la Mujer. Conocidas por su versatilidad, las artistas prometen un espect\u00e1culo en vivo que fusiona g\u00e9neros [&hellip;]<\/p>\n","protected":false},"author":4,"featured_media":146083,"comment_status":"closed","ping_status":"closed","sticky":false,"template":"","format":"standard","meta":{"footnotes":""},"categories":[45],"tags":[],"class_list":{"0":"post-146082","1":"post","2":"type-post","3":"status-publish","4":"format-standard","5":"has-post-thumbnail","7":"category-locales"},"_links":{"self":[{"href":"https:\/\/revistaesperanzas.com\/web\/wp-json\/wp\/v2\/posts\/146082","targetHints":{"allow":["GET"]}}],"collection":[{"href":"https:\/\/revistaesperanzas.com\/web\/wp-json\/wp\/v2\/posts"}],"about":[{"href":"https:\/\/revistaesperanzas.com\/web\/wp-json\/wp\/v2\/types\/post"}],"author":[{"embeddable":true,"href":"https:\/\/revistaesperanzas.com\/web\/wp-json\/wp\/v2\/users\/4"}],"replies":[{"embeddable":true,"href":"https:\/\/revistaesperanzas.com\/web\/wp-json\/wp\/v2\/comments?post=146082"}],"version-history":[{"count":2,"href":"https:\/\/revistaesperanzas.com\/web\/wp-json\/wp\/v2\/posts\/146082\/revisions"}],"predecessor-version":[{"id":146086,"href":"https:\/\/revistaesperanzas.com\/web\/wp-json\/wp\/v2\/posts\/146082\/revisions\/146086"}],"wp:featuredmedia":[{"embeddable":true,"href":"https:\/\/revistaesperanzas.com\/web\/wp-json\/wp\/v2\/media\/146083"}],"wp:attachment":[{"href":"https:\/\/revistaesperanzas.com\/web\/wp-json\/wp\/v2\/media?parent=146082"}],"wp:term":[{"taxonomy":"category","embeddable":true,"href":"https:\/\/revistaesperanzas.com\/web\/wp-json\/wp\/v2\/categories?post=146082"},{"taxonomy":"post_tag","embeddable":true,"href":"https:\/\/revistaesperanzas.com\/web\/wp-json\/wp\/v2\/tags?post=146082"}],"curies":[{"name":"wp","href":"https:\/\/api.w.org\/{rel}","templated":true}]}}