{"id":146087,"date":"2026-03-05T21:42:11","date_gmt":"2026-03-06T00:42:11","guid":{"rendered":"https:\/\/revistaesperanzas.com\/web\/?p=146087"},"modified":"2026-03-05T21:42:11","modified_gmt":"2026-03-06T00:42:11","slug":"sebastian-candia-de-biasio-anuncio-que-el-parque-cierra-una-temporada-exitosa-con-mas-de-22-mil-visitantes","status":"publish","type":"post","link":"https:\/\/revistaesperanzas.com\/web\/2026\/03\/sebastian-candia-de-biasio-anuncio-que-el-parque-cierra-una-temporada-exitosa-con-mas-de-22-mil-visitantes\/","title":{"rendered":"SEBASTIAN CANDIA DE BIASIO ANUNCI\u00d3 QUE EL PARQUE CIERRA UNA TEMPORADA EXITOSA CON M\u00c1S DE 22 MIL VISITANTES"},"content":{"rendered":"<p class=\"x_MsoNormal\" data-olk-copy-source=\"MessageBody\">Secretario de Turismo<\/p>\n<p class=\"x_MsoNormal\">El secretario de Turismo Sebasti\u00e1n Candia De Biasio resalt\u00f3 los avances y el buen funcionamiento del espacio durante la temporada de verano, que concluye con una afluencia r\u00e9cord y una gesti\u00f3n que prioriza la accesibilidad para todos los vecinos.<a href=\"https:\/\/revistaesperanzas.com\/web\/2026\/03\/sebastian-candia-de-biasio-anuncio-que-el-parque-cierra-una-temporada-exitosa-con-mas-de-22-mil-visitantes\/parque-acuatico-ultimos-dias-fin-de-semana-flyr\/\" rel=\"attachment wp-att-146089\"><img loading=\"lazy\" decoding=\"async\" class=\" wp-image-146089 alignleft\" src=\"https:\/\/revistaesperanzas.com\/web\/wp-content\/uploads\/2026\/03\/Parque-Acuatico-ultimos-dias-fin-de-semana-flyr.jpg\" alt=\"\" width=\"451\" height=\"308\" srcset=\"https:\/\/revistaesperanzas.com\/web\/wp-content\/uploads\/2026\/03\/Parque-Acuatico-ultimos-dias-fin-de-semana-flyr.jpg 600w, https:\/\/revistaesperanzas.com\/web\/wp-content\/uploads\/2026\/03\/Parque-Acuatico-ultimos-dias-fin-de-semana-flyr-218x150.jpg 218w\" sizes=\"auto, (max-width: 451px) 100vw, 451px\" \/><\/a><\/p>\n<p class=\"x_MsoNormal\">El responsable del \u00e1rea tur\u00edstica municipal realiz\u00f3 un balance del funcionamiento del parque acu\u00e1tico. En declaraciones radiales, explic\u00f3 que, tras una exitosa temporada, decidieron cerrar el sector de las piletas, pero el Parque Municipal como tal, donde se halla inserto el Parque Acu\u00e1tico, seguir\u00e1 abierto para que los vecinos puedan disfrutarlo en su rutina de domingos y asados. \u201cHa sido una temporada muy buena; hicimos diferentes acciones de mantenimiento del espacio y tuvimos m\u00e1s de 22.000 visitantes, lo cual es un n\u00famero importante\u201d, subray\u00f3.<\/p>\n<p class=\"x_MsoNormal\">\u00a0EXCELENTE TRABAJO DEL EQUIPO<\/p>\n<p class=\"x_MsoNormal\">Por otra parte, al expresar su satisfacci\u00f3n por el buen desarrollo del Parque Acu\u00e1tico, destac\u00f3 el trabajo del equipo de guardavidas y personal de salud. \u201cSe bancaron el calor para atender de la mejor manera a los visitantes\u201d, se\u00f1al\u00f3, y agradeci\u00f3 tambi\u00e9n a la<a href=\"https:\/\/revistaesperanzas.com\/web\/2026\/03\/sebastian-candia-de-biasio-anuncio-que-el-parque-cierra-una-temporada-exitosa-con-mas-de-22-mil-visitantes\/museo-del-surubi-solicitud-elementos-flyr\/\" rel=\"attachment wp-att-146090\"><img loading=\"lazy\" decoding=\"async\" class=\" wp-image-146090 alignright\" src=\"https:\/\/revistaesperanzas.com\/web\/wp-content\/uploads\/2026\/03\/museo-del-surubi-solicitud-elementos-flyr.jpg\" alt=\"\" width=\"422\" height=\"528\" srcset=\"https:\/\/revistaesperanzas.com\/web\/wp-content\/uploads\/2026\/03\/museo-del-surubi-solicitud-elementos-flyr.jpg 600w, https:\/\/revistaesperanzas.com\/web\/wp-content\/uploads\/2026\/03\/museo-del-surubi-solicitud-elementos-flyr-336x420.jpg 336w\" sizes=\"auto, (max-width: 422px) 100vw, 422px\" \/><\/a> Subsecretar\u00eda de Atenci\u00f3n Primaria de la Salud, a cargo de Emilio Mart\u00ednez, por la asistencia m\u00e9dica al igual que la labor de los guardavidas, que trabajaron mucho durante toda la temporada.<\/p>\n<p class=\"x_MsoNormal\">UN ESPACIO PARA EL TURISMO Y UNA MIRADA SOCIAL<\/p>\n<p class=\"x_MsoNormal\">El secretario resalt\u00f3 que este es un espacio de gran valor social y tur\u00edstico en Goya. Y en ese sentido dijo que \u201clos vecinos de Goya son prioridad; adem\u00e1s de que el Parque es un atractivo tur\u00edstico, el vecino debe disfrutarlo. Nosotros solo tenemos la obligaci\u00f3n de administrar los recursos, que son de todos. Por eso, hacemos el esfuerzo para que sea sustentable en una econom\u00eda muy dif\u00edcil, pero que est\u00e9 al alcance de todos. Si bien cobrar entrada es necesario para mantener ese espacio abierto al p\u00fablico, buscamos que sea accesible y que todos puedan disfrutarlo\u201d.<\/p>\n<p class=\"x_MsoNormal\">Candia De Biasio tambi\u00e9n destac\u00f3 que durante todo el a\u00f1o el Parque Acu\u00e1tico se ocupa con diferentes eventos, eligi\u00e9ndolo por cuestiones de accesibilidad y por su infraestructura general. \u201cEl Parque Acu\u00e1tico est\u00e1 hermoso y los diferentes eventos que se realizan all\u00ed<a href=\"https:\/\/revistaesperanzas.com\/web\/2026\/03\/sebastian-candia-de-biasio-anuncio-que-el-parque-cierra-una-temporada-exitosa-con-mas-de-22-mil-visitantes\/hormaechea-y-ministro-de-turismo-en-museo-surubi-1\/\" rel=\"attachment wp-att-146091\"><img loading=\"lazy\" decoding=\"async\" class=\" wp-image-146091 alignleft\" src=\"https:\/\/revistaesperanzas.com\/web\/wp-content\/uploads\/2026\/03\/Hormaechea-y-ministro-de-Turismo-en-Museo-Surubi-1.jpeg\" alt=\"\" width=\"451\" height=\"308\" srcset=\"https:\/\/revistaesperanzas.com\/web\/wp-content\/uploads\/2026\/03\/Hormaechea-y-ministro-de-Turismo-en-Museo-Surubi-1.jpeg 600w, https:\/\/revistaesperanzas.com\/web\/wp-content\/uploads\/2026\/03\/Hormaechea-y-ministro-de-Turismo-en-Museo-Surubi-1-218x150.jpeg 218w\" sizes=\"auto, (max-width: 451px) 100vw, 451px\" \/><\/a> tambi\u00e9n lo aprovechan\u201d, dijo.<\/p>\n<p class=\"x_MsoNormal\">A modo de ejemplo, se puede se\u00f1alar dentro de las pr\u00f3ximas convocatorias, la carrera en adhesi\u00f3n el mes de la Mujer, organizada por el Club Atenas el 22 de marzo, y en mayo, el inicio del Circuito Correntino de Running con la Oto\u00f1o Trail Run.<\/p>\n<p class=\"x_MsoNormal\">MUSEO DEL SURUB\u00cd<\/p>\n<p class=\"x_MsoNormal\">Por otra parte, se refiri\u00f3 a la reapertura y reacondicionamiento del Museo del Surub\u00ed \u201cPupo Mac\u00edas\u201d que est\u00e1 en el flotante, y dijo que es necesario enriquecerlo con elementos de valor hist\u00f3rico. \u201cEs importante que la ciudadan\u00eda nos ayude con donaciones o pr\u00e9stamos de elementos relacionados con la Fiesta del Surub\u00ed, para poder exhibirlos en el museo\u201d, sostuvo. Adem\u00e1s, destac\u00f3 que el avance en las obras de la nueva costanera permiti\u00f3 mejorar la accesibilidad al flotante.<\/p>\n<p class=\"x_MsoNormal\">ELECCI\u00d3N DE POSTULANTES A REINA<a href=\"https:\/\/revistaesperanzas.com\/web\/2026\/03\/sebastian-candia-de-biasio-anuncio-que-el-parque-cierra-una-temporada-exitosa-con-mas-de-22-mil-visitantes\/hormaechea-y-ministro-de-turismo-en-museo-surubi-2\/\" rel=\"attachment wp-att-146092\"><img loading=\"lazy\" decoding=\"async\" class=\" wp-image-146092 alignright\" src=\"https:\/\/revistaesperanzas.com\/web\/wp-content\/uploads\/2026\/03\/Hormaechea-y-ministro-de-Turismo-en-Museo-Surubi-2.jpeg\" alt=\"\" width=\"449\" height=\"307\" srcset=\"https:\/\/revistaesperanzas.com\/web\/wp-content\/uploads\/2026\/03\/Hormaechea-y-ministro-de-Turismo-en-Museo-Surubi-2.jpeg 600w, https:\/\/revistaesperanzas.com\/web\/wp-content\/uploads\/2026\/03\/Hormaechea-y-ministro-de-Turismo-en-Museo-Surubi-2-218x150.jpeg 218w\" sizes=\"auto, (max-width: 449px) 100vw, 449px\" \/><\/a><\/p>\n<p class=\"x_MsoNormal\">Finalmente, el secretario de Turismo de la Municipalidad inform\u00f3 que ya comenz\u00f3 la capacitaci\u00f3n de las postulantes a reina del Surub\u00ed. \u201cEst\u00e1n siendo capacitadas por nuestro equipo y confiamos en que tendremos una muy buena reina, como estamos acostumbrados\u201d, expres\u00f3. La etapa del \u201ccultural\u201d es la preselecci\u00f3n, y luego las candidatas pasar\u00e1n a la pasarela y entrevistas. Actualmente, se encuentran en la fase de preparaci\u00f3n y en breve se dar\u00e1 a conocer el grupo de las doce postulantes que contin\u00faan en carrera.<\/p>\n","protected":false},"excerpt":{"rendered":"<p>Secretario de Turismo El secretario de Turismo Sebasti\u00e1n Candia De Biasio resalt\u00f3 los avances y el buen funcionamiento del espacio durante la temporada de verano, que concluye con una afluencia r\u00e9cord y una gesti\u00f3n que prioriza la accesibilidad para todos los vecinos. El responsable del \u00e1rea tur\u00edstica municipal realiz\u00f3 un balance del funcionamiento del parque [&hellip;]<\/p>\n","protected":false},"author":4,"featured_media":146088,"comment_status":"closed","ping_status":"closed","sticky":false,"template":"","format":"standard","meta":{"footnotes":""},"categories":[45],"tags":[],"class_list":{"0":"post-146087","1":"post","2":"type-post","3":"status-publish","4":"format-standard","5":"has-post-thumbnail","7":"category-locales"},"_links":{"self":[{"href":"https:\/\/revistaesperanzas.com\/web\/wp-json\/wp\/v2\/posts\/146087","targetHints":{"allow":["GET"]}}],"collection":[{"href":"https:\/\/revistaesperanzas.com\/web\/wp-json\/wp\/v2\/posts"}],"about":[{"href":"https:\/\/revistaesperanzas.com\/web\/wp-json\/wp\/v2\/types\/post"}],"author":[{"embeddable":true,"href":"https:\/\/revistaesperanzas.com\/web\/wp-json\/wp\/v2\/users\/4"}],"replies":[{"embeddable":true,"href":"https:\/\/revistaesperanzas.com\/web\/wp-json\/wp\/v2\/comments?post=146087"}],"version-history":[{"count":2,"href":"https:\/\/revistaesperanzas.com\/web\/wp-json\/wp\/v2\/posts\/146087\/revisions"}],"predecessor-version":[{"id":146094,"href":"https:\/\/revistaesperanzas.com\/web\/wp-json\/wp\/v2\/posts\/146087\/revisions\/146094"}],"wp:featuredmedia":[{"embeddable":true,"href":"https:\/\/revistaesperanzas.com\/web\/wp-json\/wp\/v2\/media\/146088"}],"wp:attachment":[{"href":"https:\/\/revistaesperanzas.com\/web\/wp-json\/wp\/v2\/media?parent=146087"}],"wp:term":[{"taxonomy":"category","embeddable":true,"href":"https:\/\/revistaesperanzas.com\/web\/wp-json\/wp\/v2\/categories?post=146087"},{"taxonomy":"post_tag","embeddable":true,"href":"https:\/\/revistaesperanzas.com\/web\/wp-json\/wp\/v2\/tags?post=146087"}],"curies":[{"name":"wp","href":"https:\/\/api.w.org\/{rel}","templated":true}]}}