{"id":146100,"date":"2026-03-05T21:48:51","date_gmt":"2026-03-06T00:48:51","guid":{"rendered":"https:\/\/revistaesperanzas.com\/web\/?p=146100"},"modified":"2026-03-05T21:48:51","modified_gmt":"2026-03-06T00:48:51","slug":"escuela-municipal-de-musica-inicia-ciclo-lectivo-y-celebra-acto-academico-de-los-primeros-egresados","status":"publish","type":"post","link":"https:\/\/revistaesperanzas.com\/web\/2026\/03\/escuela-municipal-de-musica-inicia-ciclo-lectivo-y-celebra-acto-academico-de-los-primeros-egresados\/","title":{"rendered":"ESCUELA MUNICIPAL DE M\u00daSICA INICIA CICLO LECTIVO Y CELEBRA ACTO ACAD\u00c9MICO DE LOS PRIMEROS EGRESADOS"},"content":{"rendered":"<p class=\"x_MsoNormal\"><span lang=\"ES\" data-olk-copy-source=\"MessageBody\">El 13 de marzo:<\/span><\/p>\n<p class=\"x_MsoNormal\"><span lang=\"ES\">La Escuela Municipal de M\u00fasica \u201cDon Alcides Romero\u201d y el Director de Cultura, Manuel Zampar informaron que el ciclo lectivo 2026 iniciar\u00e1 el pr\u00f3ximo viernes 13 de marzo.<\/span><\/p>\n<p class=\"x_MsoNormal\"><span lang=\"ES\">Una gran cantidad de j\u00f3venes de los talleres de guitarra, teclados, viol\u00edn; acorde\u00f3n y canto, iniciar\u00e1n el presente ciclo lectivo.<a href=\"https:\/\/revistaesperanzas.com\/web\/2026\/03\/escuela-municipal-de-musica-inicia-ciclo-lectivo-y-celebra-acto-academico-de-los-primeros-egresados\/ciclo-lectivo-de-musica-1\/\" rel=\"attachment wp-att-146102\"><img loading=\"lazy\" decoding=\"async\" class=\" wp-image-146102 alignleft\" src=\"https:\/\/revistaesperanzas.com\/web\/wp-content\/uploads\/2026\/03\/ciclo-lectivo-de-musica-1.jpeg\" alt=\"\" width=\"550\" height=\"376\" srcset=\"https:\/\/revistaesperanzas.com\/web\/wp-content\/uploads\/2026\/03\/ciclo-lectivo-de-musica-1.jpeg 600w, https:\/\/revistaesperanzas.com\/web\/wp-content\/uploads\/2026\/03\/ciclo-lectivo-de-musica-1-218x150.jpeg 218w\" sizes=\"auto, (max-width: 550px) 100vw, 550px\" \/><\/a><\/span><\/p>\n<p class=\"x_MsoNormal\"><span lang=\"ES\">Los nuevos inscriptos pasar\u00e1n a formar parte de la escuela, sum\u00e1ndose a los que estaban desde el a\u00f1o pasado, conformando a partir de ahora una matr\u00edcula de 140 alumnos en los diferentes instrumentos que ense\u00f1a la mencionada instituci\u00f3n musical.<\/span><\/p>\n<p class=\"x_MsoNormal\"><span lang=\"ES\">\u00a0La ocasi\u00f3n ser\u00e1 propicia tambi\u00e9n para hacer entrega de los diplomas del Conservatorio Fracassi a los primeros cinco egresados como \u201cProfesores Superiores\u201d de la Escuela de M\u00fasica. De igual modo, se recordar\u00e1 el 48\u00b0 Aniversario de esta instituci\u00f3n municipal.<a href=\"https:\/\/revistaesperanzas.com\/web\/2026\/03\/escuela-municipal-de-musica-inicia-ciclo-lectivo-y-celebra-acto-academico-de-los-primeros-egresados\/ciclo-lectivo-de-musica-3\/\" rel=\"attachment wp-att-146104\"><img loading=\"lazy\" decoding=\"async\" class=\" wp-image-146104 alignright\" src=\"https:\/\/revistaesperanzas.com\/web\/wp-content\/uploads\/2026\/03\/ciclo-lectivo-de-musica-3.jpeg\" alt=\"\" width=\"550\" height=\"414\" srcset=\"https:\/\/revistaesperanzas.com\/web\/wp-content\/uploads\/2026\/03\/ciclo-lectivo-de-musica-3-80x60.jpeg 80w, https:\/\/revistaesperanzas.com\/web\/wp-content\/uploads\/2026\/03\/ciclo-lectivo-de-musica-3-265x198.jpeg 265w\" sizes=\"auto, (max-width: 550px) 100vw, 550px\" \/><\/a><\/span><\/p>\n<p class=\"x_MsoNormal\"><span lang=\"ES\">PRIMEROS EGRESADOS<\/span><\/p>\n<p class=\"x_MsoNormal\"><span lang=\"ES\">Los primeros egresados del Conservatorio de M\u00fasica Fracassi en Goya son: Camila Caama\u00f1o, Wanda Machuca, Sebasti\u00e1n Bellando, Ana Paula S\u00e1nchez, Lautaro Nievas.\u00a0<\/span><\/p>\n","protected":false},"excerpt":{"rendered":"<p>El 13 de marzo: La Escuela Municipal de M\u00fasica \u201cDon Alcides Romero\u201d y el Director de Cultura, Manuel Zampar informaron que el ciclo lectivo 2026 iniciar\u00e1 el pr\u00f3ximo viernes 13 de marzo. Una gran cantidad de j\u00f3venes de los talleres de guitarra, teclados, viol\u00edn; acorde\u00f3n y canto, iniciar\u00e1n el presente ciclo lectivo. Los nuevos inscriptos [&hellip;]<\/p>\n","protected":false},"author":4,"featured_media":146101,"comment_status":"closed","ping_status":"closed","sticky":false,"template":"","format":"standard","meta":{"footnotes":""},"categories":[45],"tags":[],"class_list":{"0":"post-146100","1":"post","2":"type-post","3":"status-publish","4":"format-standard","5":"has-post-thumbnail","7":"category-locales"},"_links":{"self":[{"href":"https:\/\/revistaesperanzas.com\/web\/wp-json\/wp\/v2\/posts\/146100","targetHints":{"allow":["GET"]}}],"collection":[{"href":"https:\/\/revistaesperanzas.com\/web\/wp-json\/wp\/v2\/posts"}],"about":[{"href":"https:\/\/revistaesperanzas.com\/web\/wp-json\/wp\/v2\/types\/post"}],"author":[{"embeddable":true,"href":"https:\/\/revistaesperanzas.com\/web\/wp-json\/wp\/v2\/users\/4"}],"replies":[{"embeddable":true,"href":"https:\/\/revistaesperanzas.com\/web\/wp-json\/wp\/v2\/comments?post=146100"}],"version-history":[{"count":2,"href":"https:\/\/revistaesperanzas.com\/web\/wp-json\/wp\/v2\/posts\/146100\/revisions"}],"predecessor-version":[{"id":146106,"href":"https:\/\/revistaesperanzas.com\/web\/wp-json\/wp\/v2\/posts\/146100\/revisions\/146106"}],"wp:featuredmedia":[{"embeddable":true,"href":"https:\/\/revistaesperanzas.com\/web\/wp-json\/wp\/v2\/media\/146101"}],"wp:attachment":[{"href":"https:\/\/revistaesperanzas.com\/web\/wp-json\/wp\/v2\/media?parent=146100"}],"wp:term":[{"taxonomy":"category","embeddable":true,"href":"https:\/\/revistaesperanzas.com\/web\/wp-json\/wp\/v2\/categories?post=146100"},{"taxonomy":"post_tag","embeddable":true,"href":"https:\/\/revistaesperanzas.com\/web\/wp-json\/wp\/v2\/tags?post=146100"}],"curies":[{"name":"wp","href":"https:\/\/api.w.org\/{rel}","templated":true}]}}